{"id":2982,"date":"2026-03-09T18:39:40","date_gmt":"2026-03-09T17:39:40","guid":{"rendered":"https:\/\/allemagnejumelage.saintmedardasso.fr\/?p=2982"},"modified":"2026-03-26T18:49:13","modified_gmt":"2026-03-26T17:49:13","slug":"carnaval-2026","status":"publish","type":"post","link":"http:\/\/allemagnejumelage.saintmedardasso.fr\/?p=2982","title":{"rendered":"Carnaval 2026"},"content":{"rendered":"\n<p>Cette ann\u00e9e, \u00ab\u00a0les couleurs du Monde\u00a0\u00bb \u00e9taient&nbsp; le th\u00e8me du carnaval de Saint M\u00e9dard<\/p>\n<p>L&rsquo;\u00e9quipe des 3 comit\u00e9s de jumelage a choisit une ronde des enfants des 5 continents, sur fond de globe terrestre haut en couleurs !<\/p>\n<p>Vous&nbsp; d\u00e9couvrirez notre char et le d\u00e9fil\u00e9 tout au long des photos suivantes, qui relatent aussi les bons moments conviviaux qui soudent les participants.<\/p>\n\n\n\n\n\n<p>Tout d&rsquo;abord le r\u00e9sultat sur chantier dans la vid\u00e9o  ci-dessous :<\/p>\n\n\n\n<p><a href=\"https:\/\/allemagnejumelage.saintmedardasso.fr\/?attachment_id=3005\">carnaval 2026 &#8211; 1<\/a><\/p>\n\n\n\n<p>Et maintenant le Jour J !!<\/p>\n\n\n<div class=\"wp-block-image\">\n<figure class=\"alignleft size-large\"><a href=\"http:\/\/allemagnejumelage.saintmedardasso.fr\/wp-content\/uploads\/2026\/03\/carnaval-2026-2-scaled.jpeg\"><img loading=\"lazy\" decoding=\"async\" width=\"1024\" height=\"683\" src=\"http:\/\/allemagnejumelage.saintmedardasso.fr\/wp-content\/uploads\/2026\/03\/carnaval-2026-2-1024x683.jpeg\" alt=\"\" class=\"wp-image-2985\" srcset=\"http:\/\/allemagnejumelage.saintmedardasso.fr\/wp-content\/uploads\/2026\/03\/carnaval-2026-2-1024x683.jpeg 1024w, http:\/\/allemagnejumelage.saintmedardasso.fr\/wp-content\/uploads\/2026\/03\/carnaval-2026-2-300x200.jpeg 300w, http:\/\/allemagnejumelage.saintmedardasso.fr\/wp-content\/uploads\/2026\/03\/carnaval-2026-2-768x512.jpeg 768w, http:\/\/allemagnejumelage.saintmedardasso.fr\/wp-content\/uploads\/2026\/03\/carnaval-2026-2-1536x1024.jpeg 1536w, http:\/\/allemagnejumelage.saintmedardasso.fr\/wp-content\/uploads\/2026\/03\/carnaval-2026-2-2048x1365.jpeg 2048w\" sizes=\"auto, (max-width: 1024px) 100vw, 1024px\" \/><\/a><\/figure>\n<\/div>\n\n<div class=\"wp-block-image\">\n<figure class=\"alignright size-large\"><a href=\"http:\/\/allemagnejumelage.saintmedardasso.fr\/wp-content\/uploads\/2026\/03\/carnaval-2026-3-scaled.jpeg\"><img loading=\"lazy\" decoding=\"async\" width=\"1024\" height=\"683\" src=\"http:\/\/allemagnejumelage.saintmedardasso.fr\/wp-content\/uploads\/2026\/03\/carnaval-2026-3-1024x683.jpeg\" alt=\"\" class=\"wp-image-2986\" srcset=\"http:\/\/allemagnejumelage.saintmedardasso.fr\/wp-content\/uploads\/2026\/03\/carnaval-2026-3-1024x683.jpeg 1024w, http:\/\/allemagnejumelage.saintmedardasso.fr\/wp-content\/uploads\/2026\/03\/carnaval-2026-3-300x200.jpeg 300w, http:\/\/allemagnejumelage.saintmedardasso.fr\/wp-content\/uploads\/2026\/03\/carnaval-2026-3-768x512.jpeg 768w, http:\/\/allemagnejumelage.saintmedardasso.fr\/wp-content\/uploads\/2026\/03\/carnaval-2026-3-1536x1024.jpeg 1536w, http:\/\/allemagnejumelage.saintmedardasso.fr\/wp-content\/uploads\/2026\/03\/carnaval-2026-3-2048x1365.jpeg 2048w\" sizes=\"auto, (max-width: 1024px) 100vw, 1024px\" \/><\/a><\/figure>\n<\/div>\n\n<div class=\"wp-block-image\">\n<figure class=\"alignleft size-large\"><a href=\"http:\/\/allemagnejumelage.saintmedardasso.fr\/wp-content\/uploads\/2026\/03\/carnaval-2026-4-scaled.jpeg\"><img loading=\"lazy\" decoding=\"async\" width=\"1024\" height=\"683\" src=\"http:\/\/allemagnejumelage.saintmedardasso.fr\/wp-content\/uploads\/2026\/03\/carnaval-2026-4-1024x683.jpeg\" alt=\"\" class=\"wp-image-2987\" srcset=\"http:\/\/allemagnejumelage.saintmedardasso.fr\/wp-content\/uploads\/2026\/03\/carnaval-2026-4-1024x683.jpeg 1024w, http:\/\/allemagnejumelage.saintmedardasso.fr\/wp-content\/uploads\/2026\/03\/carnaval-2026-4-300x200.jpeg 300w, http:\/\/allemagnejumelage.saintmedardasso.fr\/wp-content\/uploads\/2026\/03\/carnaval-2026-4-768x512.jpeg 768w, http:\/\/allemagnejumelage.saintmedardasso.fr\/wp-content\/uploads\/2026\/03\/carnaval-2026-4-1536x1024.jpeg 1536w, http:\/\/allemagnejumelage.saintmedardasso.fr\/wp-content\/uploads\/2026\/03\/carnaval-2026-4-2048x1365.jpeg 2048w\" sizes=\"auto, (max-width: 1024px) 100vw, 1024px\" \/><\/a><\/figure>\n<\/div>\n\n<div class=\"wp-block-image\">\n<figure class=\"alignright size-large\"><a href=\"http:\/\/allemagnejumelage.saintmedardasso.fr\/wp-content\/uploads\/2026\/03\/carnaval-2026-5-scaled.jpeg\"><img loading=\"lazy\" decoding=\"async\" width=\"1024\" height=\"683\" src=\"http:\/\/allemagnejumelage.saintmedardasso.fr\/wp-content\/uploads\/2026\/03\/carnaval-2026-5-1024x683.jpeg\" alt=\"\" class=\"wp-image-2988\" srcset=\"http:\/\/allemagnejumelage.saintmedardasso.fr\/wp-content\/uploads\/2026\/03\/carnaval-2026-5-1024x683.jpeg 1024w, http:\/\/allemagnejumelage.saintmedardasso.fr\/wp-content\/uploads\/2026\/03\/carnaval-2026-5-300x200.jpeg 300w, http:\/\/allemagnejumelage.saintmedardasso.fr\/wp-content\/uploads\/2026\/03\/carnaval-2026-5-768x512.jpeg 768w, http:\/\/allemagnejumelage.saintmedardasso.fr\/wp-content\/uploads\/2026\/03\/carnaval-2026-5-1536x1024.jpeg 1536w, http:\/\/allemagnejumelage.saintmedardasso.fr\/wp-content\/uploads\/2026\/03\/carnaval-2026-5-2048x1365.jpeg 2048w\" sizes=\"auto, (max-width: 1024px) 100vw, 1024px\" \/><\/a><\/figure>\n<\/div>\n\n<div class=\"wp-block-image\">\n<figure class=\"alignleft size-large\"><a href=\"http:\/\/allemagnejumelage.saintmedardasso.fr\/wp-content\/uploads\/2026\/03\/carnaval-2026-6-scaled.jpeg\"><img loading=\"lazy\" decoding=\"async\" width=\"1024\" height=\"683\" src=\"http:\/\/allemagnejumelage.saintmedardasso.fr\/wp-content\/uploads\/2026\/03\/carnaval-2026-6-1024x683.jpeg\" alt=\"\" class=\"wp-image-2989\" srcset=\"http:\/\/allemagnejumelage.saintmedardasso.fr\/wp-content\/uploads\/2026\/03\/carnaval-2026-6-1024x683.jpeg 1024w, http:\/\/allemagnejumelage.saintmedardasso.fr\/wp-content\/uploads\/2026\/03\/carnaval-2026-6-300x200.jpeg 300w, http:\/\/allemagnejumelage.saintmedardasso.fr\/wp-content\/uploads\/2026\/03\/carnaval-2026-6-768x512.jpeg 768w, http:\/\/allemagnejumelage.saintmedardasso.fr\/wp-content\/uploads\/2026\/03\/carnaval-2026-6-1536x1024.jpeg 1536w, http:\/\/allemagnejumelage.saintmedardasso.fr\/wp-content\/uploads\/2026\/03\/carnaval-2026-6-2048x1365.jpeg 2048w\" sizes=\"auto, (max-width: 1024px) 100vw, 1024px\" \/><\/a><\/figure>\n<\/div>\n\n<div class=\"wp-block-image\">\n<figure class=\"alignright size-large\"><a href=\"http:\/\/allemagnejumelage.saintmedardasso.fr\/wp-content\/uploads\/2026\/03\/carnaval-2026-7-scaled.jpeg\"><img loading=\"lazy\" decoding=\"async\" width=\"1024\" height=\"766\" src=\"http:\/\/allemagnejumelage.saintmedardasso.fr\/wp-content\/uploads\/2026\/03\/carnaval-2026-7-1024x766.jpeg\" alt=\"\" class=\"wp-image-2990\" srcset=\"http:\/\/allemagnejumelage.saintmedardasso.fr\/wp-content\/uploads\/2026\/03\/carnaval-2026-7-1024x766.jpeg 1024w, http:\/\/allemagnejumelage.saintmedardasso.fr\/wp-content\/uploads\/2026\/03\/carnaval-2026-7-300x224.jpeg 300w, http:\/\/allemagnejumelage.saintmedardasso.fr\/wp-content\/uploads\/2026\/03\/carnaval-2026-7-768x574.jpeg 768w, http:\/\/allemagnejumelage.saintmedardasso.fr\/wp-content\/uploads\/2026\/03\/carnaval-2026-7-1536x1149.jpeg 1536w, http:\/\/allemagnejumelage.saintmedardasso.fr\/wp-content\/uploads\/2026\/03\/carnaval-2026-7-2048x1532.jpeg 2048w\" sizes=\"auto, (max-width: 1024px) 100vw, 1024px\" \/><\/a><\/figure>\n<\/div>\n\n<div class=\"wp-block-image\">\n<figure class=\"alignleft size-large\"><a href=\"http:\/\/allemagnejumelage.saintmedardasso.fr\/wp-content\/uploads\/2026\/03\/carnaval-2026-8-scaled.jpeg\"><img loading=\"lazy\" decoding=\"async\" width=\"1024\" height=\"683\" src=\"http:\/\/allemagnejumelage.saintmedardasso.fr\/wp-content\/uploads\/2026\/03\/carnaval-2026-8-1024x683.jpeg\" alt=\"\" class=\"wp-image-2991\" srcset=\"http:\/\/allemagnejumelage.saintmedardasso.fr\/wp-content\/uploads\/2026\/03\/carnaval-2026-8-1024x683.jpeg 1024w, http:\/\/allemagnejumelage.saintmedardasso.fr\/wp-content\/uploads\/2026\/03\/carnaval-2026-8-300x200.jpeg 300w, http:\/\/allemagnejumelage.saintmedardasso.fr\/wp-content\/uploads\/2026\/03\/carnaval-2026-8-768x512.jpeg 768w, http:\/\/allemagnejumelage.saintmedardasso.fr\/wp-content\/uploads\/2026\/03\/carnaval-2026-8-1536x1024.jpeg 1536w, http:\/\/allemagnejumelage.saintmedardasso.fr\/wp-content\/uploads\/2026\/03\/carnaval-2026-8-2048x1365.jpeg 2048w\" sizes=\"auto, (max-width: 1024px) 100vw, 1024px\" \/><\/a><\/figure>\n<\/div>\n\n<div class=\"wp-block-image\">\n<figure class=\"alignright size-large\"><a href=\"http:\/\/allemagnejumelage.saintmedardasso.fr\/wp-content\/uploads\/2026\/03\/carnaval-2026-9-scaled.jpeg\"><img loading=\"lazy\" decoding=\"async\" width=\"1024\" height=\"683\" src=\"http:\/\/allemagnejumelage.saintmedardasso.fr\/wp-content\/uploads\/2026\/03\/carnaval-2026-9-1024x683.jpeg\" alt=\"\" class=\"wp-image-2992\" srcset=\"http:\/\/allemagnejumelage.saintmedardasso.fr\/wp-content\/uploads\/2026\/03\/carnaval-2026-9-1024x683.jpeg 1024w, http:\/\/allemagnejumelage.saintmedardasso.fr\/wp-content\/uploads\/2026\/03\/carnaval-2026-9-300x200.jpeg 300w, http:\/\/allemagnejumelage.saintmedardasso.fr\/wp-content\/uploads\/2026\/03\/carnaval-2026-9-768x512.jpeg 768w, http:\/\/allemagnejumelage.saintmedardasso.fr\/wp-content\/uploads\/2026\/03\/carnaval-2026-9-1536x1024.jpeg 1536w, http:\/\/allemagnejumelage.saintmedardasso.fr\/wp-content\/uploads\/2026\/03\/carnaval-2026-9-2048x1365.jpeg 2048w\" sizes=\"auto, (max-width: 1024px) 100vw, 1024px\" \/><\/a><\/figure>\n<\/div>\n\n<div class=\"wp-block-image\">\n<figure class=\"alignleft size-large\"><a href=\"http:\/\/allemagnejumelage.saintmedardasso.fr\/wp-content\/uploads\/2026\/03\/carnaval-2026-10-scaled.jpeg\"><img loading=\"lazy\" decoding=\"async\" width=\"1024\" height=\"683\" src=\"http:\/\/allemagnejumelage.saintmedardasso.fr\/wp-content\/uploads\/2026\/03\/carnaval-2026-10-1024x683.jpeg\" alt=\"\" class=\"wp-image-2993\" srcset=\"http:\/\/allemagnejumelage.saintmedardasso.fr\/wp-content\/uploads\/2026\/03\/carnaval-2026-10-1024x683.jpeg 1024w, http:\/\/allemagnejumelage.saintmedardasso.fr\/wp-content\/uploads\/2026\/03\/carnaval-2026-10-300x200.jpeg 300w, http:\/\/allemagnejumelage.saintmedardasso.fr\/wp-content\/uploads\/2026\/03\/carnaval-2026-10-768x512.jpeg 768w, http:\/\/allemagnejumelage.saintmedardasso.fr\/wp-content\/uploads\/2026\/03\/carnaval-2026-10-1536x1024.jpeg 1536w, http:\/\/allemagnejumelage.saintmedardasso.fr\/wp-content\/uploads\/2026\/03\/carnaval-2026-10-2048x1365.jpeg 2048w\" sizes=\"auto, (max-width: 1024px) 100vw, 1024px\" \/><\/a><\/figure>\n<\/div>\n\n<div class=\"wp-block-image\">\n<figure class=\"alignright size-large\"><a href=\"http:\/\/allemagnejumelage.saintmedardasso.fr\/wp-content\/uploads\/2026\/03\/carnaval-2026-11-scaled.jpeg\"><img loading=\"lazy\" decoding=\"async\" width=\"1024\" height=\"683\" src=\"http:\/\/allemagnejumelage.saintmedardasso.fr\/wp-content\/uploads\/2026\/03\/carnaval-2026-11-1024x683.jpeg\" alt=\"\" class=\"wp-image-2994\" srcset=\"http:\/\/allemagnejumelage.saintmedardasso.fr\/wp-content\/uploads\/2026\/03\/carnaval-2026-11-1024x683.jpeg 1024w, http:\/\/allemagnejumelage.saintmedardasso.fr\/wp-content\/uploads\/2026\/03\/carnaval-2026-11-300x200.jpeg 300w, http:\/\/allemagnejumelage.saintmedardasso.fr\/wp-content\/uploads\/2026\/03\/carnaval-2026-11-768x512.jpeg 768w, http:\/\/allemagnejumelage.saintmedardasso.fr\/wp-content\/uploads\/2026\/03\/carnaval-2026-11-1536x1024.jpeg 1536w, http:\/\/allemagnejumelage.saintmedardasso.fr\/wp-content\/uploads\/2026\/03\/carnaval-2026-11-2048x1365.jpeg 2048w\" sizes=\"auto, (max-width: 1024px) 100vw, 1024px\" \/><\/a><\/figure>\n<\/div>\n\n<div class=\"wp-block-image\">\n<figure class=\"alignleft size-large\"><a href=\"http:\/\/allemagnejumelage.saintmedardasso.fr\/wp-content\/uploads\/2026\/03\/carnaval-2026-12-scaled.jpeg\"><img loading=\"lazy\" decoding=\"async\" width=\"1024\" height=\"683\" src=\"http:\/\/allemagnejumelage.saintmedardasso.fr\/wp-content\/uploads\/2026\/03\/carnaval-2026-12-1024x683.jpeg\" alt=\"\" class=\"wp-image-2995\" srcset=\"http:\/\/allemagnejumelage.saintmedardasso.fr\/wp-content\/uploads\/2026\/03\/carnaval-2026-12-1024x683.jpeg 1024w, http:\/\/allemagnejumelage.saintmedardasso.fr\/wp-content\/uploads\/2026\/03\/carnaval-2026-12-300x200.jpeg 300w, http:\/\/allemagnejumelage.saintmedardasso.fr\/wp-content\/uploads\/2026\/03\/carnaval-2026-12-768x512.jpeg 768w, http:\/\/allemagnejumelage.saintmedardasso.fr\/wp-content\/uploads\/2026\/03\/carnaval-2026-12-1536x1024.jpeg 1536w, http:\/\/allemagnejumelage.saintmedardasso.fr\/wp-content\/uploads\/2026\/03\/carnaval-2026-12-2048x1365.jpeg 2048w\" sizes=\"auto, (max-width: 1024px) 100vw, 1024px\" \/><\/a><\/figure>\n<\/div>\n\n<div class=\"wp-block-image\">\n<figure class=\"alignright size-large\"><a href=\"http:\/\/allemagnejumelage.saintmedardasso.fr\/wp-content\/uploads\/2026\/03\/carnaval-2026-13-scaled.jpeg\"><img loading=\"lazy\" decoding=\"async\" width=\"1024\" height=\"683\" src=\"http:\/\/allemagnejumelage.saintmedardasso.fr\/wp-content\/uploads\/2026\/03\/carnaval-2026-13-1024x683.jpeg\" alt=\"\" class=\"wp-image-2996\" srcset=\"http:\/\/allemagnejumelage.saintmedardasso.fr\/wp-content\/uploads\/2026\/03\/carnaval-2026-13-1024x683.jpeg 1024w, http:\/\/allemagnejumelage.saintmedardasso.fr\/wp-content\/uploads\/2026\/03\/carnaval-2026-13-300x200.jpeg 300w, http:\/\/allemagnejumelage.saintmedardasso.fr\/wp-content\/uploads\/2026\/03\/carnaval-2026-13-768x512.jpeg 768w, http:\/\/allemagnejumelage.saintmedardasso.fr\/wp-content\/uploads\/2026\/03\/carnaval-2026-13-1536x1024.jpeg 1536w, http:\/\/allemagnejumelage.saintmedardasso.fr\/wp-content\/uploads\/2026\/03\/carnaval-2026-13-2048x1365.jpeg 2048w\" sizes=\"auto, (max-width: 1024px) 100vw, 1024px\" \/><\/a><\/figure>\n<\/div>\n\n<div class=\"wp-block-image\">\n<figure class=\"alignleft size-large\"><a href=\"http:\/\/allemagnejumelage.saintmedardasso.fr\/wp-content\/uploads\/2026\/03\/carnaval-2026-14-scaled.jpeg\"><img loading=\"lazy\" decoding=\"async\" width=\"1024\" height=\"683\" src=\"http:\/\/allemagnejumelage.saintmedardasso.fr\/wp-content\/uploads\/2026\/03\/carnaval-2026-14-1024x683.jpeg\" alt=\"\" class=\"wp-image-2997\" srcset=\"http:\/\/allemagnejumelage.saintmedardasso.fr\/wp-content\/uploads\/2026\/03\/carnaval-2026-14-1024x683.jpeg 1024w, http:\/\/allemagnejumelage.saintmedardasso.fr\/wp-content\/uploads\/2026\/03\/carnaval-2026-14-300x200.jpeg 300w, http:\/\/allemagnejumelage.saintmedardasso.fr\/wp-content\/uploads\/2026\/03\/carnaval-2026-14-768x512.jpeg 768w, http:\/\/allemagnejumelage.saintmedardasso.fr\/wp-content\/uploads\/2026\/03\/carnaval-2026-14-1536x1024.jpeg 1536w, http:\/\/allemagnejumelage.saintmedardasso.fr\/wp-content\/uploads\/2026\/03\/carnaval-2026-14-2048x1365.jpeg 2048w\" sizes=\"auto, (max-width: 1024px) 100vw, 1024px\" \/><\/a><\/figure>\n<\/div>\n\n<div class=\"wp-block-image\">\n<figure class=\"alignright size-large\"><a href=\"http:\/\/allemagnejumelage.saintmedardasso.fr\/wp-content\/uploads\/2026\/03\/carnaval-2026-15-scaled.jpeg\"><img loading=\"lazy\" decoding=\"async\" width=\"1024\" height=\"683\" src=\"http:\/\/allemagnejumelage.saintmedardasso.fr\/wp-content\/uploads\/2026\/03\/carnaval-2026-15-1024x683.jpeg\" alt=\"\" class=\"wp-image-2998\" srcset=\"http:\/\/allemagnejumelage.saintmedardasso.fr\/wp-content\/uploads\/2026\/03\/carnaval-2026-15-1024x683.jpeg 1024w, http:\/\/allemagnejumelage.saintmedardasso.fr\/wp-content\/uploads\/2026\/03\/carnaval-2026-15-300x200.jpeg 300w, http:\/\/allemagnejumelage.saintmedardasso.fr\/wp-content\/uploads\/2026\/03\/carnaval-2026-15-768x512.jpeg 768w, http:\/\/allemagnejumelage.saintmedardasso.fr\/wp-content\/uploads\/2026\/03\/carnaval-2026-15-1536x1024.jpeg 1536w, http:\/\/allemagnejumelage.saintmedardasso.fr\/wp-content\/uploads\/2026\/03\/carnaval-2026-15-2048x1365.jpeg 2048w\" sizes=\"auto, (max-width: 1024px) 100vw, 1024px\" \/><\/a><\/figure>\n<\/div>\n\n<div class=\"wp-block-image\">\n<figure class=\"alignleft size-large\"><a href=\"http:\/\/allemagnejumelage.saintmedardasso.fr\/wp-content\/uploads\/2026\/03\/carnaval-2026-16-scaled.jpeg\"><img loading=\"lazy\" decoding=\"async\" width=\"1024\" height=\"683\" src=\"http:\/\/allemagnejumelage.saintmedardasso.fr\/wp-content\/uploads\/2026\/03\/carnaval-2026-16-1024x683.jpeg\" alt=\"\" class=\"wp-image-2999\" srcset=\"http:\/\/allemagnejumelage.saintmedardasso.fr\/wp-content\/uploads\/2026\/03\/carnaval-2026-16-1024x683.jpeg 1024w, http:\/\/allemagnejumelage.saintmedardasso.fr\/wp-content\/uploads\/2026\/03\/carnaval-2026-16-300x200.jpeg 300w, http:\/\/allemagnejumelage.saintmedardasso.fr\/wp-content\/uploads\/2026\/03\/carnaval-2026-16-768x512.jpeg 768w, http:\/\/allemagnejumelage.saintmedardasso.fr\/wp-content\/uploads\/2026\/03\/carnaval-2026-16-1536x1024.jpeg 1536w, http:\/\/allemagnejumelage.saintmedardasso.fr\/wp-content\/uploads\/2026\/03\/carnaval-2026-16-2048x1365.jpeg 2048w\" sizes=\"auto, (max-width: 1024px) 100vw, 1024px\" \/><\/a><\/figure>\n<\/div>\n\n<div class=\"wp-block-image\">\n<figure class=\"alignright size-large\"><a href=\"http:\/\/allemagnejumelage.saintmedardasso.fr\/wp-content\/uploads\/2026\/03\/carnaval-2026-17-scaled.jpeg\"><img loading=\"lazy\" decoding=\"async\" width=\"1024\" height=\"683\" src=\"http:\/\/allemagnejumelage.saintmedardasso.fr\/wp-content\/uploads\/2026\/03\/carnaval-2026-17-1024x683.jpeg\" alt=\"\" class=\"wp-image-3000\" srcset=\"http:\/\/allemagnejumelage.saintmedardasso.fr\/wp-content\/uploads\/2026\/03\/carnaval-2026-17-1024x683.jpeg 1024w, http:\/\/allemagnejumelage.saintmedardasso.fr\/wp-content\/uploads\/2026\/03\/carnaval-2026-17-300x200.jpeg 300w, http:\/\/allemagnejumelage.saintmedardasso.fr\/wp-content\/uploads\/2026\/03\/carnaval-2026-17-768x512.jpeg 768w, http:\/\/allemagnejumelage.saintmedardasso.fr\/wp-content\/uploads\/2026\/03\/carnaval-2026-17-1536x1024.jpeg 1536w, http:\/\/allemagnejumelage.saintmedardasso.fr\/wp-content\/uploads\/2026\/03\/carnaval-2026-17-2048x1365.jpeg 2048w\" sizes=\"auto, (max-width: 1024px) 100vw, 1024px\" \/><\/a><\/figure>\n<\/div>\n\n<div class=\"wp-block-image\">\n<figure class=\"alignleft size-large\"><a href=\"http:\/\/allemagnejumelage.saintmedardasso.fr\/wp-content\/uploads\/2026\/03\/carnaval-2026-18-scaled.jpeg\"><img loading=\"lazy\" decoding=\"async\" width=\"1024\" height=\"683\" src=\"http:\/\/allemagnejumelage.saintmedardasso.fr\/wp-content\/uploads\/2026\/03\/carnaval-2026-18-1024x683.jpeg\" alt=\"\" class=\"wp-image-3001\" srcset=\"http:\/\/allemagnejumelage.saintmedardasso.fr\/wp-content\/uploads\/2026\/03\/carnaval-2026-18-1024x683.jpeg 1024w, http:\/\/allemagnejumelage.saintmedardasso.fr\/wp-content\/uploads\/2026\/03\/carnaval-2026-18-300x200.jpeg 300w, http:\/\/allemagnejumelage.saintmedardasso.fr\/wp-content\/uploads\/2026\/03\/carnaval-2026-18-768x512.jpeg 768w, http:\/\/allemagnejumelage.saintmedardasso.fr\/wp-content\/uploads\/2026\/03\/carnaval-2026-18-1536x1024.jpeg 1536w, http:\/\/allemagnejumelage.saintmedardasso.fr\/wp-content\/uploads\/2026\/03\/carnaval-2026-18-2048x1365.jpeg 2048w\" sizes=\"auto, (max-width: 1024px) 100vw, 1024px\" \/><\/a><\/figure>\n<\/div>\n\n<div class=\"wp-block-image\">\n<figure class=\"alignright size-large\"><a href=\"http:\/\/allemagnejumelage.saintmedardasso.fr\/wp-content\/uploads\/2026\/03\/carnaval-2026-19-scaled.jpeg\"><img loading=\"lazy\" decoding=\"async\" width=\"1024\" height=\"683\" src=\"http:\/\/allemagnejumelage.saintmedardasso.fr\/wp-content\/uploads\/2026\/03\/carnaval-2026-19-1024x683.jpeg\" alt=\"\" class=\"wp-image-3002\" srcset=\"http:\/\/allemagnejumelage.saintmedardasso.fr\/wp-content\/uploads\/2026\/03\/carnaval-2026-19-1024x683.jpeg 1024w, http:\/\/allemagnejumelage.saintmedardasso.fr\/wp-content\/uploads\/2026\/03\/carnaval-2026-19-300x200.jpeg 300w, http:\/\/allemagnejumelage.saintmedardasso.fr\/wp-content\/uploads\/2026\/03\/carnaval-2026-19-768x512.jpeg 768w, http:\/\/allemagnejumelage.saintmedardasso.fr\/wp-content\/uploads\/2026\/03\/carnaval-2026-19-1536x1024.jpeg 1536w, http:\/\/allemagnejumelage.saintmedardasso.fr\/wp-content\/uploads\/2026\/03\/carnaval-2026-19-2048x1365.jpeg 2048w\" sizes=\"auto, (max-width: 1024px) 100vw, 1024px\" \/><\/a><\/figure>\n<\/div>\n\n\n\n\n\n\n<p>Rendez-vous l&rsquo;ann\u00e9e prochaine !!<\/p>\n","protected":false},"excerpt":{"rendered":"<p>Cette ann\u00e9e, \u00ab\u00a0les couleurs du Monde\u00a0\u00bb \u00e9taient&nbsp; le th\u00e8me du carnaval de Saint M\u00e9dard L&rsquo;\u00e9quipe des 3 comit\u00e9s de jumelage a choisit une ronde des enfants des 5 continents, sur fond de globe terrestre haut en couleurs ! Vous&nbsp; d\u00e9couvrirez notre char et le d\u00e9fil\u00e9 tout au long des photos suivantes, qui relatent aussi les &hellip; <a href=\"http:\/\/allemagnejumelage.saintmedardasso.fr\/?p=2982\" class=\"more-link\">Continuer la lecture de <span class=\"screen-reader-text\">Carnaval 2026<\/span>  <span class=\"meta-nav\">&rarr;<\/span><\/a><\/p>\n","protected":false},"author":3,"featured_media":2986,"comment_status":"closed","ping_status":"closed","sticky":true,"template":"","format":"standard","meta":{"footnotes":""},"categories":[1],"tags":[36],"class_list":["post-2982","post","type-post","status-publish","format-standard","has-post-thumbnail","hentry","category-non-classe","tag-grille"],"_links":{"self":[{"href":"http:\/\/allemagnejumelage.saintmedardasso.fr\/index.php?rest_route=\/wp\/v2\/posts\/2982","targetHints":{"allow":["GET"]}}],"collection":[{"href":"http:\/\/allemagnejumelage.saintmedardasso.fr\/index.php?rest_route=\/wp\/v2\/posts"}],"about":[{"href":"http:\/\/allemagnejumelage.saintmedardasso.fr\/index.php?rest_route=\/wp\/v2\/types\/post"}],"author":[{"embeddable":true,"href":"http:\/\/allemagnejumelage.saintmedardasso.fr\/index.php?rest_route=\/wp\/v2\/users\/3"}],"replies":[{"embeddable":true,"href":"http:\/\/allemagnejumelage.saintmedardasso.fr\/index.php?rest_route=%2Fwp%2Fv2%2Fcomments&post=2982"}],"version-history":[{"count":7,"href":"http:\/\/allemagnejumelage.saintmedardasso.fr\/index.php?rest_route=\/wp\/v2\/posts\/2982\/revisions"}],"predecessor-version":[{"id":3011,"href":"http:\/\/allemagnejumelage.saintmedardasso.fr\/index.php?rest_route=\/wp\/v2\/posts\/2982\/revisions\/3011"}],"wp:featuredmedia":[{"embeddable":true,"href":"http:\/\/allemagnejumelage.saintmedardasso.fr\/index.php?rest_route=\/wp\/v2\/media\/2986"}],"wp:attachment":[{"href":"http:\/\/allemagnejumelage.saintmedardasso.fr\/index.php?rest_route=%2Fwp%2Fv2%2Fmedia&parent=2982"}],"wp:term":[{"taxonomy":"category","embeddable":true,"href":"http:\/\/allemagnejumelage.saintmedardasso.fr\/index.php?rest_route=%2Fwp%2Fv2%2Fcategories&post=2982"},{"taxonomy":"post_tag","embeddable":true,"href":"http:\/\/allemagnejumelage.saintmedardasso.fr\/index.php?rest_route=%2Fwp%2Fv2%2Ftags&post=2982"}],"curies":[{"name":"wp","href":"https:\/\/api.w.org\/{rel}","templated":true}]}}