{"id":2823,"date":"2025-09-12T17:22:11","date_gmt":"2025-09-12T16:22:11","guid":{"rendered":"https:\/\/allemagnejumelage.saintmedardasso.fr\/?p=2823"},"modified":"2025-09-12T17:25:51","modified_gmt":"2025-09-12T16:25:51","slug":"film-le-mur-qui-nous-separe","status":"publish","type":"post","link":"http:\/\/allemagnejumelage.saintmedardasso.fr\/?p=2823","title":{"rendered":"Film \u00a0\u00bb Le mur qui nous s\u00e9pare\u00a0\u00bb"},"content":{"rendered":"\n<p>\u00a0<\/p>\n<p>A l\u2019occasion de l\u2019anniversaire de la chute du mur de Berlin le film \u00ab Le mur qui nous s\u00e9pare \u00bb, tir\u00e9 d\u2019une histoire vraie, sera pr\u00e9sent\u00e9 au Cin\u00e9ma l\u2019Etoile le Jeudi 6 novembre \u00e0 20 h.\u00a0 Il sera suivi d\u2019un d\u00e9bat anim\u00e9 par un conf\u00e9rencier.<\/p>\n<p>Venez nombreux, profiter de cette occasion unique.<\/p>\n<p>\u00a0<\/p>\n\n\n\n\n\n<figure class=\"wp-block-image size-large\"><a href=\"http:\/\/allemagnejumelage.saintmedardasso.fr\/wp-content\/uploads\/2025\/09\/Affiche_film.jpg\"><img loading=\"lazy\" decoding=\"async\" width=\"679\" height=\"1024\" src=\"http:\/\/allemagnejumelage.saintmedardasso.fr\/wp-content\/uploads\/2025\/09\/Affiche_film-679x1024.jpg\" alt=\"\" class=\"wp-image-2825\" srcset=\"http:\/\/allemagnejumelage.saintmedardasso.fr\/wp-content\/uploads\/2025\/09\/Affiche_film-679x1024.jpg 679w, http:\/\/allemagnejumelage.saintmedardasso.fr\/wp-content\/uploads\/2025\/09\/Affiche_film-199x300.jpg 199w, http:\/\/allemagnejumelage.saintmedardasso.fr\/wp-content\/uploads\/2025\/09\/Affiche_film-768x1158.jpg 768w, http:\/\/allemagnejumelage.saintmedardasso.fr\/wp-content\/uploads\/2025\/09\/Affiche_film.jpg 804w\" sizes=\"auto, (max-width: 679px) 100vw, 679px\" \/><\/a><\/figure>\n\n\n\n\n","protected":false},"excerpt":{"rendered":"<p>\u00a0 A l\u2019occasion de l\u2019anniversaire de la chute du mur de Berlin le film \u00ab Le mur qui nous s\u00e9pare \u00bb, tir\u00e9 d\u2019une histoire vraie, sera pr\u00e9sent\u00e9 au Cin\u00e9ma l\u2019Etoile le Jeudi 6 novembre \u00e0 20 h.\u00a0 Il sera suivi d\u2019un d\u00e9bat anim\u00e9 par un conf\u00e9rencier. Venez nombreux, profiter de cette occasion unique. \u00a0<\/p>\n","protected":false},"author":3,"featured_media":0,"comment_status":"closed","ping_status":"closed","sticky":true,"template":"","format":"standard","meta":{"footnotes":""},"categories":[1],"tags":[36],"class_list":["post-2823","post","type-post","status-publish","format-standard","hentry","category-non-classe","tag-grille"],"_links":{"self":[{"href":"http:\/\/allemagnejumelage.saintmedardasso.fr\/index.php?rest_route=\/wp\/v2\/posts\/2823","targetHints":{"allow":["GET"]}}],"collection":[{"href":"http:\/\/allemagnejumelage.saintmedardasso.fr\/index.php?rest_route=\/wp\/v2\/posts"}],"about":[{"href":"http:\/\/allemagnejumelage.saintmedardasso.fr\/index.php?rest_route=\/wp\/v2\/types\/post"}],"author":[{"embeddable":true,"href":"http:\/\/allemagnejumelage.saintmedardasso.fr\/index.php?rest_route=\/wp\/v2\/users\/3"}],"replies":[{"embeddable":true,"href":"http:\/\/allemagnejumelage.saintmedardasso.fr\/index.php?rest_route=%2Fwp%2Fv2%2Fcomments&post=2823"}],"version-history":[{"count":7,"href":"http:\/\/allemagnejumelage.saintmedardasso.fr\/index.php?rest_route=\/wp\/v2\/posts\/2823\/revisions"}],"predecessor-version":[{"id":2854,"href":"http:\/\/allemagnejumelage.saintmedardasso.fr\/index.php?rest_route=\/wp\/v2\/posts\/2823\/revisions\/2854"}],"wp:attachment":[{"href":"http:\/\/allemagnejumelage.saintmedardasso.fr\/index.php?rest_route=%2Fwp%2Fv2%2Fmedia&parent=2823"}],"wp:term":[{"taxonomy":"category","embeddable":true,"href":"http:\/\/allemagnejumelage.saintmedardasso.fr\/index.php?rest_route=%2Fwp%2Fv2%2Fcategories&post=2823"},{"taxonomy":"post_tag","embeddable":true,"href":"http:\/\/allemagnejumelage.saintmedardasso.fr\/index.php?rest_route=%2Fwp%2Fv2%2Ftags&post=2823"}],"curies":[{"name":"wp","href":"https:\/\/api.w.org\/{rel}","templated":true}]}}