{"id":2762,"date":"2025-06-25T17:10:39","date_gmt":"2025-06-25T16:10:39","guid":{"rendered":"http:\/\/allemagnejumelage.saintmedardasso.fr\/?p=2762"},"modified":"2025-06-25T17:39:45","modified_gmt":"2025-06-25T16:39:45","slug":"voyage-a-merzig-juin-2025","status":"publish","type":"post","link":"http:\/\/allemagnejumelage.saintmedardasso.fr\/?p=2762","title":{"rendered":"Voyage \u00e0 Merzig Juin 2025"},"content":{"rendered":"\n<p>Voici un bref r\u00e9sum\u00e9 de notre rencontre annuelle avec nos familles de Merzig, du 12 au 16 juin. Plus&nbsp;<\/p>\n<p>Apr\u00e8s un voyage confortable en train puis bus affr\u00e9t\u00e9 par nos amis Allemands, nous arrivons \u00e0 Merzig :<\/p>\n<p>Nous sommes accueillis au \u00ab Sch\u00fctzenhaus \u00bb avec les retrouvailles entre familles et verre de l&rsquo;amiti\u00e9.<\/p>\n\n\n\n<figure class=\"wp-block-image size-large\"><a href=\"http:\/\/allemagnejumelage.saintmedardasso.fr\/wp-content\/uploads\/2025\/06\/Merzig-2025-2-scaled.jpeg\"><img loading=\"lazy\" decoding=\"async\" width=\"1024\" height=\"683\" src=\"http:\/\/allemagnejumelage.saintmedardasso.fr\/wp-content\/uploads\/2025\/06\/Merzig-2025-2-1024x683.jpeg\" alt=\"\" class=\"wp-image-2724\" srcset=\"http:\/\/allemagnejumelage.saintmedardasso.fr\/wp-content\/uploads\/2025\/06\/Merzig-2025-2-1024x683.jpeg 1024w, http:\/\/allemagnejumelage.saintmedardasso.fr\/wp-content\/uploads\/2025\/06\/Merzig-2025-2-300x200.jpeg 300w, http:\/\/allemagnejumelage.saintmedardasso.fr\/wp-content\/uploads\/2025\/06\/Merzig-2025-2-768x512.jpeg 768w, http:\/\/allemagnejumelage.saintmedardasso.fr\/wp-content\/uploads\/2025\/06\/Merzig-2025-2-1536x1024.jpeg 1536w, http:\/\/allemagnejumelage.saintmedardasso.fr\/wp-content\/uploads\/2025\/06\/Merzig-2025-2-2048x1365.jpeg 2048w\" sizes=\"auto, (max-width: 1024px) 100vw, 1024px\" \/><\/a><\/figure>\n\n\n\n\n\n<p>Le vendredi matin, d\u00e9part pour le Roscheider Hof \u00e0 Konz&nbsp;<br>Visite du mus\u00e9e en plein air et du mus\u00e9e histoire du patrimoine, tous les deux pleins de richesses et de souvenirs de jeunesse !! ( pour les plus anciens !)<br><br><br><\/p>\n\n\n\n<figure class=\"wp-block-image size-large\"><a href=\"http:\/\/allemagnejumelage.saintmedardasso.fr\/wp-content\/uploads\/2025\/06\/Merzig-2025-8-scaled.jpeg\"><img loading=\"lazy\" decoding=\"async\" width=\"1024\" height=\"683\" src=\"http:\/\/allemagnejumelage.saintmedardasso.fr\/wp-content\/uploads\/2025\/06\/Merzig-2025-8-1024x683.jpeg\" alt=\"\" class=\"wp-image-2725\" srcset=\"http:\/\/allemagnejumelage.saintmedardasso.fr\/wp-content\/uploads\/2025\/06\/Merzig-2025-8-1024x683.jpeg 1024w, http:\/\/allemagnejumelage.saintmedardasso.fr\/wp-content\/uploads\/2025\/06\/Merzig-2025-8-300x200.jpeg 300w, http:\/\/allemagnejumelage.saintmedardasso.fr\/wp-content\/uploads\/2025\/06\/Merzig-2025-8-768x512.jpeg 768w, http:\/\/allemagnejumelage.saintmedardasso.fr\/wp-content\/uploads\/2025\/06\/Merzig-2025-8-1536x1024.jpeg 1536w, http:\/\/allemagnejumelage.saintmedardasso.fr\/wp-content\/uploads\/2025\/06\/Merzig-2025-8-2048x1365.jpeg 2048w\" sizes=\"auto, (max-width: 1024px) 100vw, 1024px\" \/><\/a><\/figure>\n\n\n\n<figure class=\"wp-block-image size-large\"><a href=\"http:\/\/allemagnejumelage.saintmedardasso.fr\/wp-content\/uploads\/2025\/06\/Merzig-2025-10-scaled.jpeg\"><img loading=\"lazy\" decoding=\"async\" width=\"1024\" height=\"683\" src=\"http:\/\/allemagnejumelage.saintmedardasso.fr\/wp-content\/uploads\/2025\/06\/Merzig-2025-10-1024x683.jpeg\" alt=\"\" class=\"wp-image-2727\" srcset=\"http:\/\/allemagnejumelage.saintmedardasso.fr\/wp-content\/uploads\/2025\/06\/Merzig-2025-10-1024x683.jpeg 1024w, http:\/\/allemagnejumelage.saintmedardasso.fr\/wp-content\/uploads\/2025\/06\/Merzig-2025-10-300x200.jpeg 300w, http:\/\/allemagnejumelage.saintmedardasso.fr\/wp-content\/uploads\/2025\/06\/Merzig-2025-10-768x512.jpeg 768w, http:\/\/allemagnejumelage.saintmedardasso.fr\/wp-content\/uploads\/2025\/06\/Merzig-2025-10-1536x1024.jpeg 1536w, http:\/\/allemagnejumelage.saintmedardasso.fr\/wp-content\/uploads\/2025\/06\/Merzig-2025-10-2048x1365.jpeg 2048w\" sizes=\"auto, (max-width: 1024px) 100vw, 1024px\" \/><\/a><\/figure>\n\n\n\n<figure class=\"wp-block-image size-large\"><a href=\"http:\/\/allemagnejumelage.saintmedardasso.fr\/wp-content\/uploads\/2025\/06\/Merzig-2025-11-scaled.jpeg\"><img loading=\"lazy\" decoding=\"async\" width=\"1024\" height=\"683\" src=\"http:\/\/allemagnejumelage.saintmedardasso.fr\/wp-content\/uploads\/2025\/06\/Merzig-2025-11-1024x683.jpeg\" alt=\"\" class=\"wp-image-2728\" srcset=\"http:\/\/allemagnejumelage.saintmedardasso.fr\/wp-content\/uploads\/2025\/06\/Merzig-2025-11-1024x683.jpeg 1024w, http:\/\/allemagnejumelage.saintmedardasso.fr\/wp-content\/uploads\/2025\/06\/Merzig-2025-11-300x200.jpeg 300w, http:\/\/allemagnejumelage.saintmedardasso.fr\/wp-content\/uploads\/2025\/06\/Merzig-2025-11-768x512.jpeg 768w, http:\/\/allemagnejumelage.saintmedardasso.fr\/wp-content\/uploads\/2025\/06\/Merzig-2025-11-1536x1024.jpeg 1536w, http:\/\/allemagnejumelage.saintmedardasso.fr\/wp-content\/uploads\/2025\/06\/Merzig-2025-11-2048x1365.jpeg 2048w\" sizes=\"auto, (max-width: 1024px) 100vw, 1024px\" \/><\/a><\/figure>\n\n\n\n<figure class=\"wp-block-image size-large\"><a href=\"http:\/\/allemagnejumelage.saintmedardasso.fr\/wp-content\/uploads\/2025\/06\/Merzig-2025-13-scaled.jpeg\"><img loading=\"lazy\" decoding=\"async\" width=\"1024\" height=\"683\" src=\"http:\/\/allemagnejumelage.saintmedardasso.fr\/wp-content\/uploads\/2025\/06\/Merzig-2025-13-1024x683.jpeg\" alt=\"\" class=\"wp-image-2729\" srcset=\"http:\/\/allemagnejumelage.saintmedardasso.fr\/wp-content\/uploads\/2025\/06\/Merzig-2025-13-1024x683.jpeg 1024w, http:\/\/allemagnejumelage.saintmedardasso.fr\/wp-content\/uploads\/2025\/06\/Merzig-2025-13-300x200.jpeg 300w, http:\/\/allemagnejumelage.saintmedardasso.fr\/wp-content\/uploads\/2025\/06\/Merzig-2025-13-768x512.jpeg 768w, http:\/\/allemagnejumelage.saintmedardasso.fr\/wp-content\/uploads\/2025\/06\/Merzig-2025-13-1536x1024.jpeg 1536w, http:\/\/allemagnejumelage.saintmedardasso.fr\/wp-content\/uploads\/2025\/06\/Merzig-2025-13-2048x1365.jpeg 2048w\" sizes=\"auto, (max-width: 1024px) 100vw, 1024px\" \/><\/a><\/figure>\n\n\n\n<figure class=\"wp-block-image size-large\"><a href=\"http:\/\/allemagnejumelage.saintmedardasso.fr\/wp-content\/uploads\/2025\/06\/Merzig-2025-14-scaled.jpeg\"><img loading=\"lazy\" decoding=\"async\" width=\"1024\" height=\"683\" src=\"http:\/\/allemagnejumelage.saintmedardasso.fr\/wp-content\/uploads\/2025\/06\/Merzig-2025-14-1024x683.jpeg\" alt=\"\" class=\"wp-image-2730\" srcset=\"http:\/\/allemagnejumelage.saintmedardasso.fr\/wp-content\/uploads\/2025\/06\/Merzig-2025-14-1024x683.jpeg 1024w, http:\/\/allemagnejumelage.saintmedardasso.fr\/wp-content\/uploads\/2025\/06\/Merzig-2025-14-300x200.jpeg 300w, http:\/\/allemagnejumelage.saintmedardasso.fr\/wp-content\/uploads\/2025\/06\/Merzig-2025-14-768x512.jpeg 768w, http:\/\/allemagnejumelage.saintmedardasso.fr\/wp-content\/uploads\/2025\/06\/Merzig-2025-14-1536x1024.jpeg 1536w, http:\/\/allemagnejumelage.saintmedardasso.fr\/wp-content\/uploads\/2025\/06\/Merzig-2025-14-2048x1365.jpeg 2048w\" sizes=\"auto, (max-width: 1024px) 100vw, 1024px\" \/><\/a><\/figure>\n\n\n\n<figure class=\"wp-block-image size-large\"><a href=\"http:\/\/allemagnejumelage.saintmedardasso.fr\/wp-content\/uploads\/2025\/06\/Merzig-2025-15-scaled.jpeg\"><img loading=\"lazy\" decoding=\"async\" width=\"1024\" height=\"683\" src=\"http:\/\/allemagnejumelage.saintmedardasso.fr\/wp-content\/uploads\/2025\/06\/Merzig-2025-15-1024x683.jpeg\" alt=\"\" class=\"wp-image-2731\" srcset=\"http:\/\/allemagnejumelage.saintmedardasso.fr\/wp-content\/uploads\/2025\/06\/Merzig-2025-15-1024x683.jpeg 1024w, http:\/\/allemagnejumelage.saintmedardasso.fr\/wp-content\/uploads\/2025\/06\/Merzig-2025-15-300x200.jpeg 300w, http:\/\/allemagnejumelage.saintmedardasso.fr\/wp-content\/uploads\/2025\/06\/Merzig-2025-15-768x512.jpeg 768w, http:\/\/allemagnejumelage.saintmedardasso.fr\/wp-content\/uploads\/2025\/06\/Merzig-2025-15-1536x1024.jpeg 1536w, http:\/\/allemagnejumelage.saintmedardasso.fr\/wp-content\/uploads\/2025\/06\/Merzig-2025-15-2048x1365.jpeg 2048w\" sizes=\"auto, (max-width: 1024px) 100vw, 1024px\" \/><\/a><\/figure>\n\n\n\n<figure class=\"wp-block-image size-large\"><a href=\"http:\/\/allemagnejumelage.saintmedardasso.fr\/wp-content\/uploads\/2025\/06\/Merzig-2025-16-scaled.jpeg\"><img loading=\"lazy\" decoding=\"async\" width=\"1024\" height=\"683\" src=\"http:\/\/allemagnejumelage.saintmedardasso.fr\/wp-content\/uploads\/2025\/06\/Merzig-2025-16-1024x683.jpeg\" alt=\"\" class=\"wp-image-2732\" srcset=\"http:\/\/allemagnejumelage.saintmedardasso.fr\/wp-content\/uploads\/2025\/06\/Merzig-2025-16-1024x683.jpeg 1024w, http:\/\/allemagnejumelage.saintmedardasso.fr\/wp-content\/uploads\/2025\/06\/Merzig-2025-16-300x200.jpeg 300w, http:\/\/allemagnejumelage.saintmedardasso.fr\/wp-content\/uploads\/2025\/06\/Merzig-2025-16-768x512.jpeg 768w, http:\/\/allemagnejumelage.saintmedardasso.fr\/wp-content\/uploads\/2025\/06\/Merzig-2025-16-1536x1024.jpeg 1536w, http:\/\/allemagnejumelage.saintmedardasso.fr\/wp-content\/uploads\/2025\/06\/Merzig-2025-16-2048x1365.jpeg 2048w\" sizes=\"auto, (max-width: 1024px) 100vw, 1024px\" \/><\/a><\/figure>\n\n\n\n<p>Un repas simple et convivial nous est offert \u00e0 l&rsquo;auberge locale<\/p>\n\n\n\n<figure class=\"wp-block-image size-large\"><a href=\"http:\/\/allemagnejumelage.saintmedardasso.fr\/wp-content\/uploads\/2025\/06\/Merzig-2025-20-scaled.jpeg\"><img loading=\"lazy\" decoding=\"async\" width=\"1024\" height=\"683\" src=\"http:\/\/allemagnejumelage.saintmedardasso.fr\/wp-content\/uploads\/2025\/06\/Merzig-2025-20-1024x683.jpeg\" alt=\"\" class=\"wp-image-2735\" srcset=\"http:\/\/allemagnejumelage.saintmedardasso.fr\/wp-content\/uploads\/2025\/06\/Merzig-2025-20-1024x683.jpeg 1024w, http:\/\/allemagnejumelage.saintmedardasso.fr\/wp-content\/uploads\/2025\/06\/Merzig-2025-20-300x200.jpeg 300w, http:\/\/allemagnejumelage.saintmedardasso.fr\/wp-content\/uploads\/2025\/06\/Merzig-2025-20-768x512.jpeg 768w, http:\/\/allemagnejumelage.saintmedardasso.fr\/wp-content\/uploads\/2025\/06\/Merzig-2025-20-1536x1024.jpeg 1536w, http:\/\/allemagnejumelage.saintmedardasso.fr\/wp-content\/uploads\/2025\/06\/Merzig-2025-20-2048x1365.jpeg 2048w\" sizes=\"auto, (max-width: 1024px) 100vw, 1024px\" \/><\/a><\/figure>\n\n\n\n<figure class=\"wp-block-image size-large\"><a href=\"http:\/\/allemagnejumelage.saintmedardasso.fr\/wp-content\/uploads\/2025\/06\/Merzig-2025-19-scaled.jpeg\"><img loading=\"lazy\" decoding=\"async\" width=\"1024\" height=\"683\" src=\"http:\/\/allemagnejumelage.saintmedardasso.fr\/wp-content\/uploads\/2025\/06\/Merzig-2025-19-1024x683.jpeg\" alt=\"\" class=\"wp-image-2734\" srcset=\"http:\/\/allemagnejumelage.saintmedardasso.fr\/wp-content\/uploads\/2025\/06\/Merzig-2025-19-1024x683.jpeg 1024w, http:\/\/allemagnejumelage.saintmedardasso.fr\/wp-content\/uploads\/2025\/06\/Merzig-2025-19-300x200.jpeg 300w, http:\/\/allemagnejumelage.saintmedardasso.fr\/wp-content\/uploads\/2025\/06\/Merzig-2025-19-768x512.jpeg 768w, http:\/\/allemagnejumelage.saintmedardasso.fr\/wp-content\/uploads\/2025\/06\/Merzig-2025-19-1536x1024.jpeg 1536w, http:\/\/allemagnejumelage.saintmedardasso.fr\/wp-content\/uploads\/2025\/06\/Merzig-2025-19-2048x1365.jpeg 2048w\" sizes=\"auto, (max-width: 1024px) 100vw, 1024px\" \/><\/a><\/figure>\n\n\n\n<figure class=\"wp-block-image size-large\"><a href=\"http:\/\/allemagnejumelage.saintmedardasso.fr\/wp-content\/uploads\/2025\/06\/Merzig-2025-21-scaled.jpeg\"><img loading=\"lazy\" decoding=\"async\" width=\"1024\" height=\"683\" src=\"http:\/\/allemagnejumelage.saintmedardasso.fr\/wp-content\/uploads\/2025\/06\/Merzig-2025-21-1024x683.jpeg\" alt=\"\" class=\"wp-image-2736\" srcset=\"http:\/\/allemagnejumelage.saintmedardasso.fr\/wp-content\/uploads\/2025\/06\/Merzig-2025-21-1024x683.jpeg 1024w, http:\/\/allemagnejumelage.saintmedardasso.fr\/wp-content\/uploads\/2025\/06\/Merzig-2025-21-300x200.jpeg 300w, http:\/\/allemagnejumelage.saintmedardasso.fr\/wp-content\/uploads\/2025\/06\/Merzig-2025-21-768x512.jpeg 768w, http:\/\/allemagnejumelage.saintmedardasso.fr\/wp-content\/uploads\/2025\/06\/Merzig-2025-21-1536x1024.jpeg 1536w, http:\/\/allemagnejumelage.saintmedardasso.fr\/wp-content\/uploads\/2025\/06\/Merzig-2025-21-2048x1365.jpeg 2048w\" sizes=\"auto, (max-width: 1024px) 100vw, 1024px\" \/><\/a><\/figure>\n\n\n\n<figure class=\"wp-block-image size-large\"><a href=\"http:\/\/allemagnejumelage.saintmedardasso.fr\/wp-content\/uploads\/2025\/06\/Merzig-2025-22-scaled.jpeg\"><img loading=\"lazy\" decoding=\"async\" width=\"1024\" height=\"683\" src=\"http:\/\/allemagnejumelage.saintmedardasso.fr\/wp-content\/uploads\/2025\/06\/Merzig-2025-22-1024x683.jpeg\" alt=\"\" class=\"wp-image-2737\" srcset=\"http:\/\/allemagnejumelage.saintmedardasso.fr\/wp-content\/uploads\/2025\/06\/Merzig-2025-22-1024x683.jpeg 1024w, http:\/\/allemagnejumelage.saintmedardasso.fr\/wp-content\/uploads\/2025\/06\/Merzig-2025-22-300x200.jpeg 300w, http:\/\/allemagnejumelage.saintmedardasso.fr\/wp-content\/uploads\/2025\/06\/Merzig-2025-22-768x512.jpeg 768w, http:\/\/allemagnejumelage.saintmedardasso.fr\/wp-content\/uploads\/2025\/06\/Merzig-2025-22-1536x1024.jpeg 1536w, http:\/\/allemagnejumelage.saintmedardasso.fr\/wp-content\/uploads\/2025\/06\/Merzig-2025-22-2048x1365.jpeg 2048w\" sizes=\"auto, (max-width: 1024px) 100vw, 1024px\" \/><\/a><\/figure>\n\n\n\n<p>Et en rentrant \u00e0 Merzig, nous nous pr\u00e9parons pour la soir\u00e9e officielle de&nbsp; jumelage \u00e0 la maison communale de Ballern-Fitten<\/p>\n<p>Avant les \u00e9changes de discours et de cadeaux, les cyclistes qui ont r\u00e9cemment ralli\u00e9 Merzig \u00e0 St M\u00e9dard avec plus de 1000 km au compteur nous ont pr\u00e9sent\u00e9 la vid\u00e9o r\u00e9sumant leur \u00e9pop\u00e9e.&nbsp;<\/p>\n<p>Elle est accessible gr\u00e2ce au lien 1 en bas de cet article.<\/p>\n<p>Ils nous ont aussi pr\u00e9sent\u00e9 la vid\u00e9o de pr\u00e9sentation de la ville de Merzig, tr\u00e8s bien r\u00e9alis\u00e9e et qui est accessible gr\u00e2ce au lien 2 ci-dessous.<\/p>\n\n\n\n<figure class=\"wp-block-image size-large\"><a href=\"http:\/\/allemagnejumelage.saintmedardasso.fr\/wp-content\/uploads\/2025\/06\/Merzig-2025-24-scaled.jpeg\"><img loading=\"lazy\" decoding=\"async\" width=\"1024\" height=\"683\" src=\"http:\/\/allemagnejumelage.saintmedardasso.fr\/wp-content\/uploads\/2025\/06\/Merzig-2025-24-1024x683.jpeg\" alt=\"\" class=\"wp-image-2738\" srcset=\"http:\/\/allemagnejumelage.saintmedardasso.fr\/wp-content\/uploads\/2025\/06\/Merzig-2025-24-1024x683.jpeg 1024w, http:\/\/allemagnejumelage.saintmedardasso.fr\/wp-content\/uploads\/2025\/06\/Merzig-2025-24-300x200.jpeg 300w, http:\/\/allemagnejumelage.saintmedardasso.fr\/wp-content\/uploads\/2025\/06\/Merzig-2025-24-768x512.jpeg 768w, http:\/\/allemagnejumelage.saintmedardasso.fr\/wp-content\/uploads\/2025\/06\/Merzig-2025-24-1536x1024.jpeg 1536w, http:\/\/allemagnejumelage.saintmedardasso.fr\/wp-content\/uploads\/2025\/06\/Merzig-2025-24-2048x1365.jpeg 2048w\" sizes=\"auto, (max-width: 1024px) 100vw, 1024px\" \/><\/a><\/figure>\n\n\n\n<figure class=\"wp-block-image size-large\"><a href=\"http:\/\/allemagnejumelage.saintmedardasso.fr\/wp-content\/uploads\/2025\/06\/Merzig-2025-25-scaled.jpeg\"><img loading=\"lazy\" decoding=\"async\" width=\"1024\" height=\"805\" src=\"http:\/\/allemagnejumelage.saintmedardasso.fr\/wp-content\/uploads\/2025\/06\/Merzig-2025-25-1024x805.jpeg\" alt=\"\" class=\"wp-image-2739\" srcset=\"http:\/\/allemagnejumelage.saintmedardasso.fr\/wp-content\/uploads\/2025\/06\/Merzig-2025-25-1024x805.jpeg 1024w, http:\/\/allemagnejumelage.saintmedardasso.fr\/wp-content\/uploads\/2025\/06\/Merzig-2025-25-300x236.jpeg 300w, http:\/\/allemagnejumelage.saintmedardasso.fr\/wp-content\/uploads\/2025\/06\/Merzig-2025-25-768x604.jpeg 768w, http:\/\/allemagnejumelage.saintmedardasso.fr\/wp-content\/uploads\/2025\/06\/Merzig-2025-25-1536x1207.jpeg 1536w, http:\/\/allemagnejumelage.saintmedardasso.fr\/wp-content\/uploads\/2025\/06\/Merzig-2025-25-2048x1610.jpeg 2048w\" sizes=\"auto, (max-width: 1024px) 100vw, 1024px\" \/><\/a><\/figure>\n\n\n\n<figure class=\"wp-block-image size-large\"><a href=\"http:\/\/allemagnejumelage.saintmedardasso.fr\/wp-content\/uploads\/2025\/06\/Merzig-2025-28-scaled.jpeg\"><img loading=\"lazy\" decoding=\"async\" width=\"1024\" height=\"643\" src=\"http:\/\/allemagnejumelage.saintmedardasso.fr\/wp-content\/uploads\/2025\/06\/Merzig-2025-28-1024x643.jpeg\" alt=\"\" class=\"wp-image-2740\" srcset=\"http:\/\/allemagnejumelage.saintmedardasso.fr\/wp-content\/uploads\/2025\/06\/Merzig-2025-28-1024x643.jpeg 1024w, http:\/\/allemagnejumelage.saintmedardasso.fr\/wp-content\/uploads\/2025\/06\/Merzig-2025-28-300x188.jpeg 300w, http:\/\/allemagnejumelage.saintmedardasso.fr\/wp-content\/uploads\/2025\/06\/Merzig-2025-28-768x482.jpeg 768w, http:\/\/allemagnejumelage.saintmedardasso.fr\/wp-content\/uploads\/2025\/06\/Merzig-2025-28-1536x964.jpeg 1536w, http:\/\/allemagnejumelage.saintmedardasso.fr\/wp-content\/uploads\/2025\/06\/Merzig-2025-28-2048x1285.jpeg 2048w\" sizes=\"auto, (max-width: 1024px) 100vw, 1024px\" \/><\/a><\/figure>\n\n\n\n<figure class=\"wp-block-image size-large\"><a href=\"http:\/\/allemagnejumelage.saintmedardasso.fr\/wp-content\/uploads\/2025\/06\/Merzig-2025-29-scaled.jpeg\"><img loading=\"lazy\" decoding=\"async\" width=\"1024\" height=\"682\" src=\"http:\/\/allemagnejumelage.saintmedardasso.fr\/wp-content\/uploads\/2025\/06\/Merzig-2025-29-1024x682.jpeg\" alt=\"\" class=\"wp-image-2741\" srcset=\"http:\/\/allemagnejumelage.saintmedardasso.fr\/wp-content\/uploads\/2025\/06\/Merzig-2025-29-1024x682.jpeg 1024w, http:\/\/allemagnejumelage.saintmedardasso.fr\/wp-content\/uploads\/2025\/06\/Merzig-2025-29-300x200.jpeg 300w, http:\/\/allemagnejumelage.saintmedardasso.fr\/wp-content\/uploads\/2025\/06\/Merzig-2025-29-768x512.jpeg 768w, http:\/\/allemagnejumelage.saintmedardasso.fr\/wp-content\/uploads\/2025\/06\/Merzig-2025-29-1536x1023.jpeg 1536w, http:\/\/allemagnejumelage.saintmedardasso.fr\/wp-content\/uploads\/2025\/06\/Merzig-2025-29-2048x1364.jpeg 2048w\" sizes=\"auto, (max-width: 1024px) 100vw, 1024px\" \/><\/a><\/figure>\n\n\n\n<figure class=\"wp-block-image size-large\"><a href=\"http:\/\/allemagnejumelage.saintmedardasso.fr\/wp-content\/uploads\/2025\/06\/Merzig-2025-30-scaled.jpeg\"><img loading=\"lazy\" decoding=\"async\" width=\"1024\" height=\"655\" src=\"http:\/\/allemagnejumelage.saintmedardasso.fr\/wp-content\/uploads\/2025\/06\/Merzig-2025-30-1024x655.jpeg\" alt=\"\" class=\"wp-image-2742\" srcset=\"http:\/\/allemagnejumelage.saintmedardasso.fr\/wp-content\/uploads\/2025\/06\/Merzig-2025-30-1024x655.jpeg 1024w, http:\/\/allemagnejumelage.saintmedardasso.fr\/wp-content\/uploads\/2025\/06\/Merzig-2025-30-300x192.jpeg 300w, http:\/\/allemagnejumelage.saintmedardasso.fr\/wp-content\/uploads\/2025\/06\/Merzig-2025-30-768x491.jpeg 768w, http:\/\/allemagnejumelage.saintmedardasso.fr\/wp-content\/uploads\/2025\/06\/Merzig-2025-30-1536x982.jpeg 1536w, http:\/\/allemagnejumelage.saintmedardasso.fr\/wp-content\/uploads\/2025\/06\/Merzig-2025-30-2048x1309.jpeg 2048w\" sizes=\"auto, (max-width: 1024px) 100vw, 1024px\" \/><\/a><\/figure>\n\n\n\n<figure class=\"wp-block-image size-large\"><a href=\"http:\/\/allemagnejumelage.saintmedardasso.fr\/wp-content\/uploads\/2025\/06\/Merzig-2025-31-scaled.jpeg\"><img loading=\"lazy\" decoding=\"async\" width=\"1024\" height=\"671\" src=\"http:\/\/allemagnejumelage.saintmedardasso.fr\/wp-content\/uploads\/2025\/06\/Merzig-2025-31-1024x671.jpeg\" alt=\"\" class=\"wp-image-2743\" srcset=\"http:\/\/allemagnejumelage.saintmedardasso.fr\/wp-content\/uploads\/2025\/06\/Merzig-2025-31-1024x671.jpeg 1024w, http:\/\/allemagnejumelage.saintmedardasso.fr\/wp-content\/uploads\/2025\/06\/Merzig-2025-31-300x197.jpeg 300w, http:\/\/allemagnejumelage.saintmedardasso.fr\/wp-content\/uploads\/2025\/06\/Merzig-2025-31-768x504.jpeg 768w, http:\/\/allemagnejumelage.saintmedardasso.fr\/wp-content\/uploads\/2025\/06\/Merzig-2025-31-1536x1007.jpeg 1536w, http:\/\/allemagnejumelage.saintmedardasso.fr\/wp-content\/uploads\/2025\/06\/Merzig-2025-31-2048x1343.jpeg 2048w\" sizes=\"auto, (max-width: 1024px) 100vw, 1024px\" \/><\/a><\/figure>\n\n\n\n<figure class=\"wp-block-image size-large\"><a href=\"http:\/\/allemagnejumelage.saintmedardasso.fr\/wp-content\/uploads\/2025\/06\/Merzig-2025-33-scaled.jpeg\"><img loading=\"lazy\" decoding=\"async\" width=\"1024\" height=\"683\" src=\"http:\/\/allemagnejumelage.saintmedardasso.fr\/wp-content\/uploads\/2025\/06\/Merzig-2025-33-1024x683.jpeg\" alt=\"\" class=\"wp-image-2745\" srcset=\"http:\/\/allemagnejumelage.saintmedardasso.fr\/wp-content\/uploads\/2025\/06\/Merzig-2025-33-1024x683.jpeg 1024w, http:\/\/allemagnejumelage.saintmedardasso.fr\/wp-content\/uploads\/2025\/06\/Merzig-2025-33-300x200.jpeg 300w, http:\/\/allemagnejumelage.saintmedardasso.fr\/wp-content\/uploads\/2025\/06\/Merzig-2025-33-768x512.jpeg 768w, http:\/\/allemagnejumelage.saintmedardasso.fr\/wp-content\/uploads\/2025\/06\/Merzig-2025-33-1536x1024.jpeg 1536w, http:\/\/allemagnejumelage.saintmedardasso.fr\/wp-content\/uploads\/2025\/06\/Merzig-2025-33-2048x1365.jpeg 2048w\" sizes=\"auto, (max-width: 1024px) 100vw, 1024px\" \/><\/a><\/figure>\n\n\n\n<figure class=\"wp-block-image size-large\"><a href=\"http:\/\/allemagnejumelage.saintmedardasso.fr\/wp-content\/uploads\/2025\/06\/Merzig-2025-34-scaled.jpeg\"><img loading=\"lazy\" decoding=\"async\" width=\"1024\" height=\"683\" src=\"http:\/\/allemagnejumelage.saintmedardasso.fr\/wp-content\/uploads\/2025\/06\/Merzig-2025-34-1024x683.jpeg\" alt=\"\" class=\"wp-image-2746\" srcset=\"http:\/\/allemagnejumelage.saintmedardasso.fr\/wp-content\/uploads\/2025\/06\/Merzig-2025-34-1024x683.jpeg 1024w, http:\/\/allemagnejumelage.saintmedardasso.fr\/wp-content\/uploads\/2025\/06\/Merzig-2025-34-300x200.jpeg 300w, http:\/\/allemagnejumelage.saintmedardasso.fr\/wp-content\/uploads\/2025\/06\/Merzig-2025-34-768x512.jpeg 768w, http:\/\/allemagnejumelage.saintmedardasso.fr\/wp-content\/uploads\/2025\/06\/Merzig-2025-34-1536x1024.jpeg 1536w, http:\/\/allemagnejumelage.saintmedardasso.fr\/wp-content\/uploads\/2025\/06\/Merzig-2025-34-2048x1365.jpeg 2048w\" sizes=\"auto, (max-width: 1024px) 100vw, 1024px\" \/><\/a><\/figure>\n\n\n\n<figure class=\"wp-block-image size-large\"><a href=\"http:\/\/allemagnejumelage.saintmedardasso.fr\/wp-content\/uploads\/2025\/06\/Merzig-2025-35-scaled.jpeg\"><img loading=\"lazy\" decoding=\"async\" width=\"1024\" height=\"683\" src=\"http:\/\/allemagnejumelage.saintmedardasso.fr\/wp-content\/uploads\/2025\/06\/Merzig-2025-35-1024x683.jpeg\" alt=\"\" class=\"wp-image-2747\" srcset=\"http:\/\/allemagnejumelage.saintmedardasso.fr\/wp-content\/uploads\/2025\/06\/Merzig-2025-35-1024x683.jpeg 1024w, http:\/\/allemagnejumelage.saintmedardasso.fr\/wp-content\/uploads\/2025\/06\/Merzig-2025-35-300x200.jpeg 300w, http:\/\/allemagnejumelage.saintmedardasso.fr\/wp-content\/uploads\/2025\/06\/Merzig-2025-35-768x512.jpeg 768w, http:\/\/allemagnejumelage.saintmedardasso.fr\/wp-content\/uploads\/2025\/06\/Merzig-2025-35-1536x1024.jpeg 1536w, http:\/\/allemagnejumelage.saintmedardasso.fr\/wp-content\/uploads\/2025\/06\/Merzig-2025-35-2048x1365.jpeg 2048w\" sizes=\"auto, (max-width: 1024px) 100vw, 1024px\" \/><\/a><\/figure>\n\n\n\n<figure class=\"wp-block-image size-large\"><a href=\"http:\/\/allemagnejumelage.saintmedardasso.fr\/wp-content\/uploads\/2025\/06\/Merzig-2025-37-scaled.jpeg\"><img loading=\"lazy\" decoding=\"async\" width=\"1024\" height=\"731\" src=\"http:\/\/allemagnejumelage.saintmedardasso.fr\/wp-content\/uploads\/2025\/06\/Merzig-2025-37-1024x731.jpeg\" alt=\"\" class=\"wp-image-2748\" srcset=\"http:\/\/allemagnejumelage.saintmedardasso.fr\/wp-content\/uploads\/2025\/06\/Merzig-2025-37-1024x731.jpeg 1024w, http:\/\/allemagnejumelage.saintmedardasso.fr\/wp-content\/uploads\/2025\/06\/Merzig-2025-37-300x214.jpeg 300w, http:\/\/allemagnejumelage.saintmedardasso.fr\/wp-content\/uploads\/2025\/06\/Merzig-2025-37-768x548.jpeg 768w, http:\/\/allemagnejumelage.saintmedardasso.fr\/wp-content\/uploads\/2025\/06\/Merzig-2025-37-1536x1096.jpeg 1536w, http:\/\/allemagnejumelage.saintmedardasso.fr\/wp-content\/uploads\/2025\/06\/Merzig-2025-37-2048x1462.jpeg 2048w\" sizes=\"auto, (max-width: 1024px) 100vw, 1024px\" \/><\/a><\/figure>\n\n\n\n<figure class=\"wp-block-image size-large\"><a href=\"http:\/\/allemagnejumelage.saintmedardasso.fr\/wp-content\/uploads\/2025\/06\/Merzig-2025-38-scaled.jpeg\"><img loading=\"lazy\" decoding=\"async\" width=\"1024\" height=\"742\" src=\"http:\/\/allemagnejumelage.saintmedardasso.fr\/wp-content\/uploads\/2025\/06\/Merzig-2025-38-1024x742.jpeg\" alt=\"\" class=\"wp-image-2749\" srcset=\"http:\/\/allemagnejumelage.saintmedardasso.fr\/wp-content\/uploads\/2025\/06\/Merzig-2025-38-1024x742.jpeg 1024w, http:\/\/allemagnejumelage.saintmedardasso.fr\/wp-content\/uploads\/2025\/06\/Merzig-2025-38-300x217.jpeg 300w, http:\/\/allemagnejumelage.saintmedardasso.fr\/wp-content\/uploads\/2025\/06\/Merzig-2025-38-768x556.jpeg 768w, http:\/\/allemagnejumelage.saintmedardasso.fr\/wp-content\/uploads\/2025\/06\/Merzig-2025-38-1536x1113.jpeg 1536w, http:\/\/allemagnejumelage.saintmedardasso.fr\/wp-content\/uploads\/2025\/06\/Merzig-2025-38-2048x1484.jpeg 2048w\" sizes=\"auto, (max-width: 1024px) 100vw, 1024px\" \/><\/a><\/figure>\n\n\n\n\n\n<p>Le samedi matin, nous partons \u00e0 Mettlach, visiter le mus\u00e9e du nouveau monde \u00ab Villeroy &amp; Boch \u00bb. Une belle visite qui nous montre les process de fabrication et de nombreuses r\u00e9alisations exemplaires, tant dans le domaine de sanitaire que des arts de la table.&nbsp;<\/p>\n\n\n\n\n\n<figure class=\"wp-block-image size-large\"><a href=\"http:\/\/allemagnejumelage.saintmedardasso.fr\/wp-content\/uploads\/2025\/06\/Merzig-2025-42-scaled.jpeg\"><img loading=\"lazy\" decoding=\"async\" width=\"683\" height=\"1024\" src=\"http:\/\/allemagnejumelage.saintmedardasso.fr\/wp-content\/uploads\/2025\/06\/Merzig-2025-42-683x1024.jpeg\" alt=\"\" class=\"wp-image-2750\" srcset=\"http:\/\/allemagnejumelage.saintmedardasso.fr\/wp-content\/uploads\/2025\/06\/Merzig-2025-42-683x1024.jpeg 683w, http:\/\/allemagnejumelage.saintmedardasso.fr\/wp-content\/uploads\/2025\/06\/Merzig-2025-42-200x300.jpeg 200w, http:\/\/allemagnejumelage.saintmedardasso.fr\/wp-content\/uploads\/2025\/06\/Merzig-2025-42-768x1152.jpeg 768w, http:\/\/allemagnejumelage.saintmedardasso.fr\/wp-content\/uploads\/2025\/06\/Merzig-2025-42-1024x1536.jpeg 1024w, http:\/\/allemagnejumelage.saintmedardasso.fr\/wp-content\/uploads\/2025\/06\/Merzig-2025-42-1365x2048.jpeg 1365w, http:\/\/allemagnejumelage.saintmedardasso.fr\/wp-content\/uploads\/2025\/06\/Merzig-2025-42-scaled.jpeg 1707w\" sizes=\"auto, (max-width: 683px) 100vw, 683px\" \/><\/a><\/figure>\n\n\n\n<figure class=\"wp-block-image size-large\"><a href=\"http:\/\/allemagnejumelage.saintmedardasso.fr\/wp-content\/uploads\/2025\/06\/Merzig-2025-43-scaled.jpeg\"><img loading=\"lazy\" decoding=\"async\" width=\"683\" height=\"1024\" src=\"http:\/\/allemagnejumelage.saintmedardasso.fr\/wp-content\/uploads\/2025\/06\/Merzig-2025-43-683x1024.jpeg\" alt=\"\" class=\"wp-image-2751\" srcset=\"http:\/\/allemagnejumelage.saintmedardasso.fr\/wp-content\/uploads\/2025\/06\/Merzig-2025-43-683x1024.jpeg 683w, http:\/\/allemagnejumelage.saintmedardasso.fr\/wp-content\/uploads\/2025\/06\/Merzig-2025-43-200x300.jpeg 200w, http:\/\/allemagnejumelage.saintmedardasso.fr\/wp-content\/uploads\/2025\/06\/Merzig-2025-43-768x1152.jpeg 768w, http:\/\/allemagnejumelage.saintmedardasso.fr\/wp-content\/uploads\/2025\/06\/Merzig-2025-43-1024x1536.jpeg 1024w, http:\/\/allemagnejumelage.saintmedardasso.fr\/wp-content\/uploads\/2025\/06\/Merzig-2025-43-1365x2048.jpeg 1365w, http:\/\/allemagnejumelage.saintmedardasso.fr\/wp-content\/uploads\/2025\/06\/Merzig-2025-43-scaled.jpeg 1707w\" sizes=\"auto, (max-width: 683px) 100vw, 683px\" \/><\/a><\/figure>\n\n\n\n<figure class=\"wp-block-image size-large\"><a href=\"http:\/\/allemagnejumelage.saintmedardasso.fr\/wp-content\/uploads\/2025\/06\/Merzig-2025-46-scaled.jpeg\"><img loading=\"lazy\" decoding=\"async\" width=\"1024\" height=\"683\" src=\"http:\/\/allemagnejumelage.saintmedardasso.fr\/wp-content\/uploads\/2025\/06\/Merzig-2025-46-1024x683.jpeg\" alt=\"\" class=\"wp-image-2753\" srcset=\"http:\/\/allemagnejumelage.saintmedardasso.fr\/wp-content\/uploads\/2025\/06\/Merzig-2025-46-1024x683.jpeg 1024w, http:\/\/allemagnejumelage.saintmedardasso.fr\/wp-content\/uploads\/2025\/06\/Merzig-2025-46-300x200.jpeg 300w, http:\/\/allemagnejumelage.saintmedardasso.fr\/wp-content\/uploads\/2025\/06\/Merzig-2025-46-768x512.jpeg 768w, http:\/\/allemagnejumelage.saintmedardasso.fr\/wp-content\/uploads\/2025\/06\/Merzig-2025-46-1536x1024.jpeg 1536w, http:\/\/allemagnejumelage.saintmedardasso.fr\/wp-content\/uploads\/2025\/06\/Merzig-2025-46-2048x1365.jpeg 2048w\" sizes=\"auto, (max-width: 1024px) 100vw, 1024px\" \/><\/a><\/figure>\n\n\n\n<figure class=\"wp-block-image size-large\"><a href=\"http:\/\/allemagnejumelage.saintmedardasso.fr\/wp-content\/uploads\/2025\/06\/Merzig-2025-50-scaled.jpeg\"><img loading=\"lazy\" decoding=\"async\" width=\"1024\" height=\"683\" src=\"http:\/\/allemagnejumelage.saintmedardasso.fr\/wp-content\/uploads\/2025\/06\/Merzig-2025-50-1024x683.jpeg\" alt=\"\" class=\"wp-image-2755\" srcset=\"http:\/\/allemagnejumelage.saintmedardasso.fr\/wp-content\/uploads\/2025\/06\/Merzig-2025-50-1024x683.jpeg 1024w, http:\/\/allemagnejumelage.saintmedardasso.fr\/wp-content\/uploads\/2025\/06\/Merzig-2025-50-300x200.jpeg 300w, http:\/\/allemagnejumelage.saintmedardasso.fr\/wp-content\/uploads\/2025\/06\/Merzig-2025-50-768x512.jpeg 768w, http:\/\/allemagnejumelage.saintmedardasso.fr\/wp-content\/uploads\/2025\/06\/Merzig-2025-50-1536x1024.jpeg 1536w, http:\/\/allemagnejumelage.saintmedardasso.fr\/wp-content\/uploads\/2025\/06\/Merzig-2025-50-2048x1365.jpeg 2048w\" sizes=\"auto, (max-width: 1024px) 100vw, 1024px\" \/><\/a><\/figure>\n\n\n\n<figure class=\"wp-block-image size-large\"><a href=\"http:\/\/allemagnejumelage.saintmedardasso.fr\/wp-content\/uploads\/2025\/06\/Merzig-2025-52-scaled.jpeg\"><img loading=\"lazy\" decoding=\"async\" width=\"683\" height=\"1024\" src=\"http:\/\/allemagnejumelage.saintmedardasso.fr\/wp-content\/uploads\/2025\/06\/Merzig-2025-52-683x1024.jpeg\" alt=\"\" class=\"wp-image-2756\" srcset=\"http:\/\/allemagnejumelage.saintmedardasso.fr\/wp-content\/uploads\/2025\/06\/Merzig-2025-52-683x1024.jpeg 683w, http:\/\/allemagnejumelage.saintmedardasso.fr\/wp-content\/uploads\/2025\/06\/Merzig-2025-52-200x300.jpeg 200w, http:\/\/allemagnejumelage.saintmedardasso.fr\/wp-content\/uploads\/2025\/06\/Merzig-2025-52-768x1152.jpeg 768w, http:\/\/allemagnejumelage.saintmedardasso.fr\/wp-content\/uploads\/2025\/06\/Merzig-2025-52-1024x1536.jpeg 1024w, http:\/\/allemagnejumelage.saintmedardasso.fr\/wp-content\/uploads\/2025\/06\/Merzig-2025-52-1365x2048.jpeg 1365w, http:\/\/allemagnejumelage.saintmedardasso.fr\/wp-content\/uploads\/2025\/06\/Merzig-2025-52-scaled.jpeg 1707w\" sizes=\"auto, (max-width: 683px) 100vw, 683px\" \/><\/a><\/figure>\n\n\n\n<p>&nbsp;Un pique-nique est organis\u00e9 dans le parc de l&rsquo;entreprise, au pied de la tour m\u00e9di\u00e9vale&nbsp;<\/p>\n\n\n\n<figure class=\"wp-block-image size-large\"><a href=\"http:\/\/allemagnejumelage.saintmedardasso.fr\/wp-content\/uploads\/2025\/06\/Merzig-2025-53-scaled.jpeg\"><img loading=\"lazy\" decoding=\"async\" width=\"683\" height=\"1024\" src=\"http:\/\/allemagnejumelage.saintmedardasso.fr\/wp-content\/uploads\/2025\/06\/Merzig-2025-53-683x1024.jpeg\" alt=\"\" class=\"wp-image-2757\" srcset=\"http:\/\/allemagnejumelage.saintmedardasso.fr\/wp-content\/uploads\/2025\/06\/Merzig-2025-53-683x1024.jpeg 683w, http:\/\/allemagnejumelage.saintmedardasso.fr\/wp-content\/uploads\/2025\/06\/Merzig-2025-53-200x300.jpeg 200w, http:\/\/allemagnejumelage.saintmedardasso.fr\/wp-content\/uploads\/2025\/06\/Merzig-2025-53-768x1152.jpeg 768w, http:\/\/allemagnejumelage.saintmedardasso.fr\/wp-content\/uploads\/2025\/06\/Merzig-2025-53-1024x1536.jpeg 1024w, http:\/\/allemagnejumelage.saintmedardasso.fr\/wp-content\/uploads\/2025\/06\/Merzig-2025-53-1365x2048.jpeg 1365w, http:\/\/allemagnejumelage.saintmedardasso.fr\/wp-content\/uploads\/2025\/06\/Merzig-2025-53-scaled.jpeg 1707w\" sizes=\"auto, (max-width: 683px) 100vw, 683px\" \/><\/a><\/figure>\n\n\n\n<p>Puis c&rsquo;est le d\u00e9part pour le Pehlinger Hof avec caf\u00e9 et g\u00e2teaux, et possibilit\u00e9 de visiter la ferme<\/p>\n\n\n\n<figure class=\"wp-block-image size-large\"><a href=\"http:\/\/allemagnejumelage.saintmedardasso.fr\/wp-content\/uploads\/2025\/06\/Merzig-2025-54-scaled.jpeg\"><img loading=\"lazy\" decoding=\"async\" width=\"1024\" height=\"683\" src=\"http:\/\/allemagnejumelage.saintmedardasso.fr\/wp-content\/uploads\/2025\/06\/Merzig-2025-54-1024x683.jpeg\" alt=\"\" class=\"wp-image-2758\" srcset=\"http:\/\/allemagnejumelage.saintmedardasso.fr\/wp-content\/uploads\/2025\/06\/Merzig-2025-54-1024x683.jpeg 1024w, http:\/\/allemagnejumelage.saintmedardasso.fr\/wp-content\/uploads\/2025\/06\/Merzig-2025-54-300x200.jpeg 300w, http:\/\/allemagnejumelage.saintmedardasso.fr\/wp-content\/uploads\/2025\/06\/Merzig-2025-54-768x512.jpeg 768w, http:\/\/allemagnejumelage.saintmedardasso.fr\/wp-content\/uploads\/2025\/06\/Merzig-2025-54-1536x1024.jpeg 1536w, http:\/\/allemagnejumelage.saintmedardasso.fr\/wp-content\/uploads\/2025\/06\/Merzig-2025-54-2048x1365.jpeg 2048w\" sizes=\"auto, (max-width: 1024px) 100vw, 1024px\" \/><\/a><\/figure>\n\n\n\n<figure class=\"wp-block-image size-large\"><a href=\"http:\/\/allemagnejumelage.saintmedardasso.fr\/wp-content\/uploads\/2025\/06\/Merzig-2025-55-scaled.jpeg\"><img loading=\"lazy\" decoding=\"async\" width=\"1024\" height=\"683\" src=\"http:\/\/allemagnejumelage.saintmedardasso.fr\/wp-content\/uploads\/2025\/06\/Merzig-2025-55-1024x683.jpeg\" alt=\"\" class=\"wp-image-2759\" srcset=\"http:\/\/allemagnejumelage.saintmedardasso.fr\/wp-content\/uploads\/2025\/06\/Merzig-2025-55-1024x683.jpeg 1024w, http:\/\/allemagnejumelage.saintmedardasso.fr\/wp-content\/uploads\/2025\/06\/Merzig-2025-55-300x200.jpeg 300w, http:\/\/allemagnejumelage.saintmedardasso.fr\/wp-content\/uploads\/2025\/06\/Merzig-2025-55-768x512.jpeg 768w, http:\/\/allemagnejumelage.saintmedardasso.fr\/wp-content\/uploads\/2025\/06\/Merzig-2025-55-1536x1024.jpeg 1536w, http:\/\/allemagnejumelage.saintmedardasso.fr\/wp-content\/uploads\/2025\/06\/Merzig-2025-55-2048x1365.jpeg 2048w\" sizes=\"auto, (max-width: 1024px) 100vw, 1024px\" \/><\/a><\/figure>\n\n\n\n<figure class=\"wp-block-image size-large\"><a href=\"http:\/\/allemagnejumelage.saintmedardasso.fr\/wp-content\/uploads\/2025\/06\/Merzig-2025-56-scaled.jpeg\"><img loading=\"lazy\" decoding=\"async\" width=\"1024\" height=\"683\" src=\"http:\/\/allemagnejumelage.saintmedardasso.fr\/wp-content\/uploads\/2025\/06\/Merzig-2025-56-1024x683.jpeg\" alt=\"\" class=\"wp-image-2760\" srcset=\"http:\/\/allemagnejumelage.saintmedardasso.fr\/wp-content\/uploads\/2025\/06\/Merzig-2025-56-1024x683.jpeg 1024w, http:\/\/allemagnejumelage.saintmedardasso.fr\/wp-content\/uploads\/2025\/06\/Merzig-2025-56-300x200.jpeg 300w, http:\/\/allemagnejumelage.saintmedardasso.fr\/wp-content\/uploads\/2025\/06\/Merzig-2025-56-768x512.jpeg 768w, http:\/\/allemagnejumelage.saintmedardasso.fr\/wp-content\/uploads\/2025\/06\/Merzig-2025-56-1536x1024.jpeg 1536w, http:\/\/allemagnejumelage.saintmedardasso.fr\/wp-content\/uploads\/2025\/06\/Merzig-2025-56-2048x1365.jpeg 2048w\" sizes=\"auto, (max-width: 1024px) 100vw, 1024px\" \/><\/a><\/figure>\n\n\n\n<p>Le dimanche est r\u00e9serv\u00e9 aux activit\u00e9s en famille. Et le lundi matin ce sont les au-revoir, la traditionnelle photo de groupe et le d\u00e9part vers la gare de Lorraine.<\/p>\n<p><a href=\"http:\/\/allemagnejumelage.saintmedardasso.fr\/wp-content\/uploads\/2025\/06\/Merzig-2025-58-scaled.jpeg\"><img loading=\"lazy\" decoding=\"async\" class=\"aligncenter wp-image-2761 \" src=\"http:\/\/allemagnejumelage.saintmedardasso.fr\/wp-content\/uploads\/2025\/06\/Merzig-2025-58-1024x683.jpeg\" alt=\"\" width=\"552\" height=\"368\" srcset=\"http:\/\/allemagnejumelage.saintmedardasso.fr\/wp-content\/uploads\/2025\/06\/Merzig-2025-58-1024x683.jpeg 1024w, http:\/\/allemagnejumelage.saintmedardasso.fr\/wp-content\/uploads\/2025\/06\/Merzig-2025-58-300x200.jpeg 300w, http:\/\/allemagnejumelage.saintmedardasso.fr\/wp-content\/uploads\/2025\/06\/Merzig-2025-58-768x512.jpeg 768w, http:\/\/allemagnejumelage.saintmedardasso.fr\/wp-content\/uploads\/2025\/06\/Merzig-2025-58-1536x1024.jpeg 1536w, http:\/\/allemagnejumelage.saintmedardasso.fr\/wp-content\/uploads\/2025\/06\/Merzig-2025-58-2048x1365.jpeg 2048w\" sizes=\"auto, (max-width: 552px) 100vw, 552px\" \/><\/a><\/p>\n<p>Nous nous sommes donn\u00e9s rendez-vous pour l&rsquo;ann\u00e9e prochaine et la f\u00eate de nos 40 ans de jumelage !!<\/p>\n<p>Si vous souhaitez voir toutes les photos disponibles, ouvrez le lien 3 ci-dessous\u00a0 !<\/p>\n<p>Lien 1 : randonn\u00e9e cycliste Merzig &#8211; Saint M\u00e9dard<\/p>\n<p><iframe loading=\"lazy\" title=\"Fahrradtour nach Saint M\u00e9dard- en- Jalles\" width=\"474\" height=\"267\" src=\"https:\/\/www.youtube.com\/embed\/fi-P4I6AvAs?feature=oembed\" frameborder=\"0\" allow=\"accelerometer; autoplay; clipboard-write; encrypted-media; gyroscope; picture-in-picture; web-share\" referrerpolicy=\"strict-origin-when-cross-origin\" allowfullscreen><\/iframe><\/p>\n<p>Lien 2 : vid\u00e9o de pr\u00e9sentation de la ville de Merzig<\/p>\n<p><iframe loading=\"lazy\" title=\"Bienvenue Merzig\" width=\"474\" height=\"267\" src=\"https:\/\/www.youtube.com\/embed\/fPW1Vn5OUEo?feature=oembed\" frameborder=\"0\" allow=\"accelerometer; autoplay; clipboard-write; encrypted-media; gyroscope; picture-in-picture; web-share\" referrerpolicy=\"strict-origin-when-cross-origin\" allowfullscreen><\/iframe><\/p>\n<p>Lien 3 : toutes les photos disponibles\u00a0<\/p>\n<p>https:\/\/photos.app.goo.gl\/yL53jeQZG59GrsSF9<\/p>\n\n\n\n\n","protected":false},"excerpt":{"rendered":"<p>Voici un bref r\u00e9sum\u00e9 de notre rencontre annuelle avec nos familles de Merzig, du 12 au 16 juin. Plus&nbsp; Apr\u00e8s un voyage confortable en train puis bus affr\u00e9t\u00e9 par nos amis Allemands, nous arrivons \u00e0 Merzig : Nous sommes accueillis au \u00ab Sch\u00fctzenhaus \u00bb avec les retrouvailles entre familles et verre de l&rsquo;amiti\u00e9. Le vendredi &hellip; <a href=\"http:\/\/allemagnejumelage.saintmedardasso.fr\/?p=2762\" class=\"more-link\">Continuer la lecture de <span class=\"screen-reader-text\">Voyage \u00e0 Merzig Juin 2025<\/span>  <span class=\"meta-nav\">&rarr;<\/span><\/a><\/p>\n","protected":false},"author":3,"featured_media":2761,"comment_status":"closed","ping_status":"closed","sticky":true,"template":"","format":"standard","meta":{"footnotes":""},"categories":[1],"tags":[36],"class_list":["post-2762","post","type-post","status-publish","format-standard","has-post-thumbnail","hentry","category-non-classe","tag-grille"],"_links":{"self":[{"href":"http:\/\/allemagnejumelage.saintmedardasso.fr\/index.php?rest_route=\/wp\/v2\/posts\/2762","targetHints":{"allow":["GET"]}}],"collection":[{"href":"http:\/\/allemagnejumelage.saintmedardasso.fr\/index.php?rest_route=\/wp\/v2\/posts"}],"about":[{"href":"http:\/\/allemagnejumelage.saintmedardasso.fr\/index.php?rest_route=\/wp\/v2\/types\/post"}],"author":[{"embeddable":true,"href":"http:\/\/allemagnejumelage.saintmedardasso.fr\/index.php?rest_route=\/wp\/v2\/users\/3"}],"replies":[{"embeddable":true,"href":"http:\/\/allemagnejumelage.saintmedardasso.fr\/index.php?rest_route=%2Fwp%2Fv2%2Fcomments&post=2762"}],"version-history":[{"count":14,"href":"http:\/\/allemagnejumelage.saintmedardasso.fr\/index.php?rest_route=\/wp\/v2\/posts\/2762\/revisions"}],"predecessor-version":[{"id":2776,"href":"http:\/\/allemagnejumelage.saintmedardasso.fr\/index.php?rest_route=\/wp\/v2\/posts\/2762\/revisions\/2776"}],"wp:featuredmedia":[{"embeddable":true,"href":"http:\/\/allemagnejumelage.saintmedardasso.fr\/index.php?rest_route=\/wp\/v2\/media\/2761"}],"wp:attachment":[{"href":"http:\/\/allemagnejumelage.saintmedardasso.fr\/index.php?rest_route=%2Fwp%2Fv2%2Fmedia&parent=2762"}],"wp:term":[{"taxonomy":"category","embeddable":true,"href":"http:\/\/allemagnejumelage.saintmedardasso.fr\/index.php?rest_route=%2Fwp%2Fv2%2Fcategories&post=2762"},{"taxonomy":"post_tag","embeddable":true,"href":"http:\/\/allemagnejumelage.saintmedardasso.fr\/index.php?rest_route=%2Fwp%2Fv2%2Ftags&post=2762"}],"curies":[{"name":"wp","href":"https:\/\/api.w.org\/{rel}","templated":true}]}}