{"id":2714,"date":"2025-04-07T19:59:40","date_gmt":"2025-04-07T18:59:40","guid":{"rendered":"http:\/\/allemagnejumelage.saintmedardasso.fr\/?p=2714"},"modified":"2025-06-30T18:44:57","modified_gmt":"2025-06-30T17:44:57","slug":"balade-en-medoc-a-la-decouverte-des-plantes-sauvages-comestibles","status":"publish","type":"post","link":"http:\/\/allemagnejumelage.saintmedardasso.fr\/?p=2714","title":{"rendered":"Balade en M\u00e9doc : A la d\u00e9couverte des plantes sauvages comestibles"},"content":{"rendered":"\n\n\n<p>Voici le programme de la journ\u00e9e et quelques photos pour illustrer cette belle journ\u00e9e riche en d\u00e9couvertes . certains d&rsquo;entre nous retiendront particuli\u00e8rement la tisane des centenaires, devenue culte !<\/p>\n<p>Deux plantes illustrent notre propos,\u00a0 le lin blanc et la matricaire.<\/p>\n\n\n\n<figure class=\"wp-block-image size-full\"><a href=\"http:\/\/allemagnejumelage.saintmedardasso.fr\/wp-content\/uploads\/2025\/04\/Sortie-du-17-mai-2025-e1750868372924.jpg\"><img loading=\"lazy\" decoding=\"async\" width=\"594\" height=\"503\" src=\"http:\/\/allemagnejumelage.saintmedardasso.fr\/wp-content\/uploads\/2025\/04\/Sortie-du-17-mai-2025-e1750868372924.jpg\" alt=\"\" class=\"wp-image-2716\" srcset=\"http:\/\/allemagnejumelage.saintmedardasso.fr\/wp-content\/uploads\/2025\/04\/Sortie-du-17-mai-2025-e1750868372924.jpg 594w, http:\/\/allemagnejumelage.saintmedardasso.fr\/wp-content\/uploads\/2025\/04\/Sortie-du-17-mai-2025-e1750868372924-300x254.jpg 300w\" sizes=\"auto, (max-width: 594px) 100vw, 594px\" \/><\/a><\/figure>\n\n\n\n<figure class=\"wp-block-image size-large\"><a href=\"http:\/\/allemagnejumelage.saintmedardasso.fr\/wp-content\/uploads\/2025\/06\/P1060580-scaled.jpg\"><img loading=\"lazy\" decoding=\"async\" width=\"1024\" height=\"683\" src=\"http:\/\/allemagnejumelage.saintmedardasso.fr\/wp-content\/uploads\/2025\/06\/P1060580-1024x683.jpg\" alt=\"\" class=\"wp-image-2779\" srcset=\"http:\/\/allemagnejumelage.saintmedardasso.fr\/wp-content\/uploads\/2025\/06\/P1060580-1024x683.jpg 1024w, http:\/\/allemagnejumelage.saintmedardasso.fr\/wp-content\/uploads\/2025\/06\/P1060580-300x200.jpg 300w, http:\/\/allemagnejumelage.saintmedardasso.fr\/wp-content\/uploads\/2025\/06\/P1060580-768x512.jpg 768w, http:\/\/allemagnejumelage.saintmedardasso.fr\/wp-content\/uploads\/2025\/06\/P1060580-1536x1024.jpg 1536w, http:\/\/allemagnejumelage.saintmedardasso.fr\/wp-content\/uploads\/2025\/06\/P1060580-2048x1365.jpg 2048w\" sizes=\"auto, (max-width: 1024px) 100vw, 1024px\" \/><\/a><\/figure>\n\n\n\n<figure class=\"wp-block-image size-large\"><a href=\"http:\/\/allemagnejumelage.saintmedardasso.fr\/wp-content\/uploads\/2025\/06\/P1060581-scaled.jpg\"><img loading=\"lazy\" decoding=\"async\" width=\"1024\" height=\"683\" src=\"http:\/\/allemagnejumelage.saintmedardasso.fr\/wp-content\/uploads\/2025\/06\/P1060581-1024x683.jpg\" alt=\"\" class=\"wp-image-2780\" srcset=\"http:\/\/allemagnejumelage.saintmedardasso.fr\/wp-content\/uploads\/2025\/06\/P1060581-1024x683.jpg 1024w, http:\/\/allemagnejumelage.saintmedardasso.fr\/wp-content\/uploads\/2025\/06\/P1060581-300x200.jpg 300w, http:\/\/allemagnejumelage.saintmedardasso.fr\/wp-content\/uploads\/2025\/06\/P1060581-768x512.jpg 768w, http:\/\/allemagnejumelage.saintmedardasso.fr\/wp-content\/uploads\/2025\/06\/P1060581-1536x1024.jpg 1536w, http:\/\/allemagnejumelage.saintmedardasso.fr\/wp-content\/uploads\/2025\/06\/P1060581-2048x1365.jpg 2048w\" sizes=\"auto, (max-width: 1024px) 100vw, 1024px\" \/><\/a><\/figure>\n\n\n\n<figure class=\"wp-block-image size-large\"><a href=\"http:\/\/allemagnejumelage.saintmedardasso.fr\/wp-content\/uploads\/2025\/06\/P1060582-scaled.jpg\"><img loading=\"lazy\" decoding=\"async\" width=\"1024\" height=\"683\" src=\"http:\/\/allemagnejumelage.saintmedardasso.fr\/wp-content\/uploads\/2025\/06\/P1060582-1024x683.jpg\" alt=\"\" class=\"wp-image-2781\" srcset=\"http:\/\/allemagnejumelage.saintmedardasso.fr\/wp-content\/uploads\/2025\/06\/P1060582-1024x683.jpg 1024w, http:\/\/allemagnejumelage.saintmedardasso.fr\/wp-content\/uploads\/2025\/06\/P1060582-300x200.jpg 300w, http:\/\/allemagnejumelage.saintmedardasso.fr\/wp-content\/uploads\/2025\/06\/P1060582-768x512.jpg 768w, http:\/\/allemagnejumelage.saintmedardasso.fr\/wp-content\/uploads\/2025\/06\/P1060582-1536x1024.jpg 1536w, http:\/\/allemagnejumelage.saintmedardasso.fr\/wp-content\/uploads\/2025\/06\/P1060582-2048x1365.jpg 2048w\" sizes=\"auto, (max-width: 1024px) 100vw, 1024px\" \/><\/a><\/figure>\n\n\n\n<figure class=\"wp-block-image size-large\"><a href=\"http:\/\/allemagnejumelage.saintmedardasso.fr\/wp-content\/uploads\/2025\/06\/P1060585-scaled.jpg\"><img loading=\"lazy\" decoding=\"async\" width=\"1024\" height=\"683\" src=\"http:\/\/allemagnejumelage.saintmedardasso.fr\/wp-content\/uploads\/2025\/06\/P1060585-1024x683.jpg\" alt=\"\" class=\"wp-image-2782\" srcset=\"http:\/\/allemagnejumelage.saintmedardasso.fr\/wp-content\/uploads\/2025\/06\/P1060585-1024x683.jpg 1024w, http:\/\/allemagnejumelage.saintmedardasso.fr\/wp-content\/uploads\/2025\/06\/P1060585-300x200.jpg 300w, http:\/\/allemagnejumelage.saintmedardasso.fr\/wp-content\/uploads\/2025\/06\/P1060585-768x512.jpg 768w, http:\/\/allemagnejumelage.saintmedardasso.fr\/wp-content\/uploads\/2025\/06\/P1060585-1536x1024.jpg 1536w, http:\/\/allemagnejumelage.saintmedardasso.fr\/wp-content\/uploads\/2025\/06\/P1060585-2048x1365.jpg 2048w\" sizes=\"auto, (max-width: 1024px) 100vw, 1024px\" \/><\/a><\/figure>\n\n\n\n<figure class=\"wp-block-image size-large\"><a href=\"http:\/\/allemagnejumelage.saintmedardasso.fr\/wp-content\/uploads\/2025\/06\/P1060593-scaled.jpg\"><img loading=\"lazy\" decoding=\"async\" width=\"1024\" height=\"683\" src=\"http:\/\/allemagnejumelage.saintmedardasso.fr\/wp-content\/uploads\/2025\/06\/P1060593-1024x683.jpg\" alt=\"\" class=\"wp-image-2783\" srcset=\"http:\/\/allemagnejumelage.saintmedardasso.fr\/wp-content\/uploads\/2025\/06\/P1060593-1024x683.jpg 1024w, http:\/\/allemagnejumelage.saintmedardasso.fr\/wp-content\/uploads\/2025\/06\/P1060593-300x200.jpg 300w, http:\/\/allemagnejumelage.saintmedardasso.fr\/wp-content\/uploads\/2025\/06\/P1060593-768x512.jpg 768w, http:\/\/allemagnejumelage.saintmedardasso.fr\/wp-content\/uploads\/2025\/06\/P1060593-1536x1024.jpg 1536w, http:\/\/allemagnejumelage.saintmedardasso.fr\/wp-content\/uploads\/2025\/06\/P1060593-2048x1365.jpg 2048w\" sizes=\"auto, (max-width: 1024px) 100vw, 1024px\" \/><\/a><\/figure>\n\n\n\n<figure class=\"wp-block-image size-large\"><a href=\"http:\/\/allemagnejumelage.saintmedardasso.fr\/wp-content\/uploads\/2025\/06\/P1060594-scaled.jpg\"><img loading=\"lazy\" decoding=\"async\" width=\"683\" height=\"1024\" src=\"http:\/\/allemagnejumelage.saintmedardasso.fr\/wp-content\/uploads\/2025\/06\/P1060594-683x1024.jpg\" alt=\"\" class=\"wp-image-2784\" srcset=\"http:\/\/allemagnejumelage.saintmedardasso.fr\/wp-content\/uploads\/2025\/06\/P1060594-683x1024.jpg 683w, http:\/\/allemagnejumelage.saintmedardasso.fr\/wp-content\/uploads\/2025\/06\/P1060594-200x300.jpg 200w, http:\/\/allemagnejumelage.saintmedardasso.fr\/wp-content\/uploads\/2025\/06\/P1060594-768x1152.jpg 768w, http:\/\/allemagnejumelage.saintmedardasso.fr\/wp-content\/uploads\/2025\/06\/P1060594-1024x1536.jpg 1024w, http:\/\/allemagnejumelage.saintmedardasso.fr\/wp-content\/uploads\/2025\/06\/P1060594-1365x2048.jpg 1365w, http:\/\/allemagnejumelage.saintmedardasso.fr\/wp-content\/uploads\/2025\/06\/P1060594-scaled.jpg 1707w\" sizes=\"auto, (max-width: 683px) 100vw, 683px\" \/><\/a><\/figure>\n\n\n\n<p>Apr\u00e8s le pique-nique, nous avons visit\u00e9 Cussac-Fort-M\u00e9doc, bel ouvrage de d\u00e9fense partiellement r\u00e9nov\u00e9.<\/p>\n\n\n\n<figure class=\"wp-block-pullquote\"><blockquote><p><\/p><\/blockquote><\/figure>\n\n\n","protected":false},"excerpt":{"rendered":"<p>Voici le programme de la journ\u00e9e et quelques photos pour illustrer cette belle journ\u00e9e riche en d\u00e9couvertes . certains d&rsquo;entre nous retiendront particuli\u00e8rement la tisane des centenaires, devenue culte ! Deux plantes illustrent notre propos,\u00a0 le lin blanc et la matricaire. Apr\u00e8s le pique-nique, nous avons visit\u00e9 Cussac-Fort-M\u00e9doc, bel ouvrage de d\u00e9fense partiellement r\u00e9nov\u00e9.<\/p>\n","protected":false},"author":3,"featured_media":2722,"comment_status":"closed","ping_status":"closed","sticky":true,"template":"","format":"standard","meta":{"footnotes":""},"categories":[1],"tags":[36],"class_list":["post-2714","post","type-post","status-publish","format-standard","has-post-thumbnail","hentry","category-non-classe","tag-grille"],"_links":{"self":[{"href":"http:\/\/allemagnejumelage.saintmedardasso.fr\/index.php?rest_route=\/wp\/v2\/posts\/2714","targetHints":{"allow":["GET"]}}],"collection":[{"href":"http:\/\/allemagnejumelage.saintmedardasso.fr\/index.php?rest_route=\/wp\/v2\/posts"}],"about":[{"href":"http:\/\/allemagnejumelage.saintmedardasso.fr\/index.php?rest_route=\/wp\/v2\/types\/post"}],"author":[{"embeddable":true,"href":"http:\/\/allemagnejumelage.saintmedardasso.fr\/index.php?rest_route=\/wp\/v2\/users\/3"}],"replies":[{"embeddable":true,"href":"http:\/\/allemagnejumelage.saintmedardasso.fr\/index.php?rest_route=%2Fwp%2Fv2%2Fcomments&post=2714"}],"version-history":[{"count":8,"href":"http:\/\/allemagnejumelage.saintmedardasso.fr\/index.php?rest_route=\/wp\/v2\/posts\/2714\/revisions"}],"predecessor-version":[{"id":2791,"href":"http:\/\/allemagnejumelage.saintmedardasso.fr\/index.php?rest_route=\/wp\/v2\/posts\/2714\/revisions\/2791"}],"wp:featuredmedia":[{"embeddable":true,"href":"http:\/\/allemagnejumelage.saintmedardasso.fr\/index.php?rest_route=\/wp\/v2\/media\/2722"}],"wp:attachment":[{"href":"http:\/\/allemagnejumelage.saintmedardasso.fr\/index.php?rest_route=%2Fwp%2Fv2%2Fmedia&parent=2714"}],"wp:term":[{"taxonomy":"category","embeddable":true,"href":"http:\/\/allemagnejumelage.saintmedardasso.fr\/index.php?rest_route=%2Fwp%2Fv2%2Fcategories&post=2714"},{"taxonomy":"post_tag","embeddable":true,"href":"http:\/\/allemagnejumelage.saintmedardasso.fr\/index.php?rest_route=%2Fwp%2Fv2%2Ftags&post=2714"}],"curies":[{"name":"wp","href":"https:\/\/api.w.org\/{rel}","templated":true}]}}