{"id":2692,"date":"2025-04-07T18:37:22","date_gmt":"2025-04-07T17:37:22","guid":{"rendered":"http:\/\/allemagnejumelage.saintmedardasso.fr\/?p=2692"},"modified":"2025-04-07T20:00:42","modified_gmt":"2025-04-07T19:00:42","slug":"carnaval-2025","status":"publish","type":"post","link":"http:\/\/allemagnejumelage.saintmedardasso.fr\/?p=2692","title":{"rendered":"Carnaval 2025"},"content":{"rendered":"\n<p>Cette ann\u00e9e, le th\u00e8me canavalesque \u00e0 SaintM\u00e9dard \u00e9tait Histoire et Epoques.<\/p>\n<p>L&rsquo;\u00e9quipe des 3 comit\u00e9s de jumelage a choisit l&rsquo;\u00e9poque du Moyen \u00e2ge , avec les personnages\u00a0 typiques , parfois un brin caricatural !!<\/p>\n<p>Vous les d\u00e9couvrirez tout au long des photos suivantes, qui relatent aussi les bons moments conviviaux qui soudent les participants.<\/p>\n<p>Nous feront mieux encore l&rsquo;ann\u00e9e prochaine !!<\/p>\n<p>\u00a0<\/p>\n\n\n\n\n\n<figure class=\"wp-block-image size-large\"><a href=\"http:\/\/allemagnejumelage.saintmedardasso.fr\/wp-content\/uploads\/2025\/04\/CARNAVAL-eae-2-scaled.jpeg\"><img loading=\"lazy\" decoding=\"async\" width=\"683\" height=\"1024\" src=\"http:\/\/allemagnejumelage.saintmedardasso.fr\/wp-content\/uploads\/2025\/04\/CARNAVAL-eae-2-683x1024.jpeg\" alt=\"\" class=\"wp-image-2697\" srcset=\"http:\/\/allemagnejumelage.saintmedardasso.fr\/wp-content\/uploads\/2025\/04\/CARNAVAL-eae-2-683x1024.jpeg 683w, http:\/\/allemagnejumelage.saintmedardasso.fr\/wp-content\/uploads\/2025\/04\/CARNAVAL-eae-2-200x300.jpeg 200w, http:\/\/allemagnejumelage.saintmedardasso.fr\/wp-content\/uploads\/2025\/04\/CARNAVAL-eae-2-768x1152.jpeg 768w, http:\/\/allemagnejumelage.saintmedardasso.fr\/wp-content\/uploads\/2025\/04\/CARNAVAL-eae-2-1024x1536.jpeg 1024w, http:\/\/allemagnejumelage.saintmedardasso.fr\/wp-content\/uploads\/2025\/04\/CARNAVAL-eae-2-1365x2048.jpeg 1365w, http:\/\/allemagnejumelage.saintmedardasso.fr\/wp-content\/uploads\/2025\/04\/CARNAVAL-eae-2-scaled.jpeg 1707w\" sizes=\"auto, (max-width: 683px) 100vw, 683px\" \/><\/a><\/figure>\n\n\n\n\n\n<figure class=\"wp-block-image size-large\"><a href=\"http:\/\/allemagnejumelage.saintmedardasso.fr\/wp-content\/uploads\/2025\/04\/CARNAVAL-eae-1-scaled.jpeg\"><img loading=\"lazy\" decoding=\"async\" width=\"1024\" height=\"683\" src=\"http:\/\/allemagnejumelage.saintmedardasso.fr\/wp-content\/uploads\/2025\/04\/CARNAVAL-eae-1-1024x683.jpeg\" alt=\"\" class=\"wp-image-2696\" srcset=\"http:\/\/allemagnejumelage.saintmedardasso.fr\/wp-content\/uploads\/2025\/04\/CARNAVAL-eae-1-1024x683.jpeg 1024w, http:\/\/allemagnejumelage.saintmedardasso.fr\/wp-content\/uploads\/2025\/04\/CARNAVAL-eae-1-300x200.jpeg 300w, http:\/\/allemagnejumelage.saintmedardasso.fr\/wp-content\/uploads\/2025\/04\/CARNAVAL-eae-1-768x512.jpeg 768w, http:\/\/allemagnejumelage.saintmedardasso.fr\/wp-content\/uploads\/2025\/04\/CARNAVAL-eae-1-1536x1024.jpeg 1536w, http:\/\/allemagnejumelage.saintmedardasso.fr\/wp-content\/uploads\/2025\/04\/CARNAVAL-eae-1-2048x1365.jpeg 2048w\" sizes=\"auto, (max-width: 1024px) 100vw, 1024px\" \/><\/a><\/figure>\n\n\n\n\n\n<figure class=\"wp-block-image size-large\"><a href=\"http:\/\/allemagnejumelage.saintmedardasso.fr\/wp-content\/uploads\/2025\/04\/CARNAVAL-eae-4-scaled.jpeg\"><img loading=\"lazy\" decoding=\"async\" width=\"1024\" height=\"683\" src=\"http:\/\/allemagnejumelage.saintmedardasso.fr\/wp-content\/uploads\/2025\/04\/CARNAVAL-eae-4-1024x683.jpeg\" alt=\"\" class=\"wp-image-2699\" srcset=\"http:\/\/allemagnejumelage.saintmedardasso.fr\/wp-content\/uploads\/2025\/04\/CARNAVAL-eae-4-1024x683.jpeg 1024w, http:\/\/allemagnejumelage.saintmedardasso.fr\/wp-content\/uploads\/2025\/04\/CARNAVAL-eae-4-300x200.jpeg 300w, http:\/\/allemagnejumelage.saintmedardasso.fr\/wp-content\/uploads\/2025\/04\/CARNAVAL-eae-4-768x512.jpeg 768w, http:\/\/allemagnejumelage.saintmedardasso.fr\/wp-content\/uploads\/2025\/04\/CARNAVAL-eae-4-1536x1024.jpeg 1536w, http:\/\/allemagnejumelage.saintmedardasso.fr\/wp-content\/uploads\/2025\/04\/CARNAVAL-eae-4-2048x1365.jpeg 2048w\" sizes=\"auto, (max-width: 1024px) 100vw, 1024px\" \/><\/a><\/figure>\n\n\n\n\n\n<figure class=\"wp-block-image size-large\"><a href=\"http:\/\/allemagnejumelage.saintmedardasso.fr\/wp-content\/uploads\/2025\/04\/CARNAVAL-eae-3-scaled.jpeg\"><img loading=\"lazy\" decoding=\"async\" width=\"1024\" height=\"683\" src=\"http:\/\/allemagnejumelage.saintmedardasso.fr\/wp-content\/uploads\/2025\/04\/CARNAVAL-eae-3-1024x683.jpeg\" alt=\"\" class=\"wp-image-2698\" srcset=\"http:\/\/allemagnejumelage.saintmedardasso.fr\/wp-content\/uploads\/2025\/04\/CARNAVAL-eae-3-1024x683.jpeg 1024w, http:\/\/allemagnejumelage.saintmedardasso.fr\/wp-content\/uploads\/2025\/04\/CARNAVAL-eae-3-300x200.jpeg 300w, http:\/\/allemagnejumelage.saintmedardasso.fr\/wp-content\/uploads\/2025\/04\/CARNAVAL-eae-3-768x512.jpeg 768w, http:\/\/allemagnejumelage.saintmedardasso.fr\/wp-content\/uploads\/2025\/04\/CARNAVAL-eae-3-1536x1024.jpeg 1536w, http:\/\/allemagnejumelage.saintmedardasso.fr\/wp-content\/uploads\/2025\/04\/CARNAVAL-eae-3-2048x1365.jpeg 2048w\" sizes=\"auto, (max-width: 1024px) 100vw, 1024px\" \/><\/a><\/figure>\n\n\n\n<figure class=\"wp-block-image size-large\"><a href=\"http:\/\/allemagnejumelage.saintmedardasso.fr\/wp-content\/uploads\/2025\/04\/CARNAVAL-2025-2.jpeg\"><img loading=\"lazy\" decoding=\"async\" width=\"1024\" height=\"461\" src=\"http:\/\/allemagnejumelage.saintmedardasso.fr\/wp-content\/uploads\/2025\/04\/CARNAVAL-2025-2-1024x461.jpeg\" alt=\"\" class=\"wp-image-2695\" srcset=\"http:\/\/allemagnejumelage.saintmedardasso.fr\/wp-content\/uploads\/2025\/04\/CARNAVAL-2025-2-1024x461.jpeg 1024w, http:\/\/allemagnejumelage.saintmedardasso.fr\/wp-content\/uploads\/2025\/04\/CARNAVAL-2025-2-300x135.jpeg 300w, http:\/\/allemagnejumelage.saintmedardasso.fr\/wp-content\/uploads\/2025\/04\/CARNAVAL-2025-2-768x346.jpeg 768w, http:\/\/allemagnejumelage.saintmedardasso.fr\/wp-content\/uploads\/2025\/04\/CARNAVAL-2025-2-1536x691.jpeg 1536w, http:\/\/allemagnejumelage.saintmedardasso.fr\/wp-content\/uploads\/2025\/04\/CARNAVAL-2025-2.jpeg 2000w\" sizes=\"auto, (max-width: 1024px) 100vw, 1024px\" \/><\/a><\/figure>\n\n\n\n\n\n<figure class=\"wp-block-image size-large\"><a href=\"http:\/\/allemagnejumelage.saintmedardasso.fr\/wp-content\/uploads\/2025\/04\/CARNAVAL-2025-1.jpeg\"><img loading=\"lazy\" decoding=\"async\" width=\"1024\" height=\"768\" src=\"http:\/\/allemagnejumelage.saintmedardasso.fr\/wp-content\/uploads\/2025\/04\/CARNAVAL-2025-1-1024x768.jpeg\" alt=\"\" class=\"wp-image-2694\" srcset=\"http:\/\/allemagnejumelage.saintmedardasso.fr\/wp-content\/uploads\/2025\/04\/CARNAVAL-2025-1-1024x768.jpeg 1024w, http:\/\/allemagnejumelage.saintmedardasso.fr\/wp-content\/uploads\/2025\/04\/CARNAVAL-2025-1-300x225.jpeg 300w, http:\/\/allemagnejumelage.saintmedardasso.fr\/wp-content\/uploads\/2025\/04\/CARNAVAL-2025-1-768x576.jpeg 768w, http:\/\/allemagnejumelage.saintmedardasso.fr\/wp-content\/uploads\/2025\/04\/CARNAVAL-2025-1-1536x1152.jpeg 1536w, http:\/\/allemagnejumelage.saintmedardasso.fr\/wp-content\/uploads\/2025\/04\/CARNAVAL-2025-1.jpeg 2048w\" sizes=\"auto, (max-width: 1024px) 100vw, 1024px\" \/><\/a><\/figure>\n\n\n\n<figure class=\"wp-block-image size-large\"><a href=\"http:\/\/allemagnejumelage.saintmedardasso.fr\/wp-content\/uploads\/2025\/04\/CARNAVAL-eae-5.jpeg\"><img loading=\"lazy\" decoding=\"async\" width=\"1024\" height=\"461\" src=\"http:\/\/allemagnejumelage.saintmedardasso.fr\/wp-content\/uploads\/2025\/04\/CARNAVAL-eae-5-1024x461.jpeg\" alt=\"\" class=\"wp-image-2700\" srcset=\"http:\/\/allemagnejumelage.saintmedardasso.fr\/wp-content\/uploads\/2025\/04\/CARNAVAL-eae-5-1024x461.jpeg 1024w, http:\/\/allemagnejumelage.saintmedardasso.fr\/wp-content\/uploads\/2025\/04\/CARNAVAL-eae-5-300x135.jpeg 300w, http:\/\/allemagnejumelage.saintmedardasso.fr\/wp-content\/uploads\/2025\/04\/CARNAVAL-eae-5-768x346.jpeg 768w, http:\/\/allemagnejumelage.saintmedardasso.fr\/wp-content\/uploads\/2025\/04\/CARNAVAL-eae-5-1536x691.jpeg 1536w, http:\/\/allemagnejumelage.saintmedardasso.fr\/wp-content\/uploads\/2025\/04\/CARNAVAL-eae-5.jpeg 2000w\" sizes=\"auto, (max-width: 1024px) 100vw, 1024px\" \/><\/a><\/figure>\n\n\n\n\n\n<figure class=\"wp-block-image size-large\"><a href=\"http:\/\/allemagnejumelage.saintmedardasso.fr\/wp-content\/uploads\/2025\/04\/CARNAVAL-eae-6-scaled.jpeg\"><img loading=\"lazy\" decoding=\"async\" width=\"683\" height=\"1024\" src=\"http:\/\/allemagnejumelage.saintmedardasso.fr\/wp-content\/uploads\/2025\/04\/CARNAVAL-eae-6-683x1024.jpeg\" alt=\"\" class=\"wp-image-2701\" srcset=\"http:\/\/allemagnejumelage.saintmedardasso.fr\/wp-content\/uploads\/2025\/04\/CARNAVAL-eae-6-683x1024.jpeg 683w, http:\/\/allemagnejumelage.saintmedardasso.fr\/wp-content\/uploads\/2025\/04\/CARNAVAL-eae-6-200x300.jpeg 200w, http:\/\/allemagnejumelage.saintmedardasso.fr\/wp-content\/uploads\/2025\/04\/CARNAVAL-eae-6-768x1152.jpeg 768w, http:\/\/allemagnejumelage.saintmedardasso.fr\/wp-content\/uploads\/2025\/04\/CARNAVAL-eae-6-1024x1536.jpeg 1024w, http:\/\/allemagnejumelage.saintmedardasso.fr\/wp-content\/uploads\/2025\/04\/CARNAVAL-eae-6-1365x2048.jpeg 1365w, http:\/\/allemagnejumelage.saintmedardasso.fr\/wp-content\/uploads\/2025\/04\/CARNAVAL-eae-6-scaled.jpeg 1707w\" sizes=\"auto, (max-width: 683px) 100vw, 683px\" \/><\/a><\/figure>\n\n\n\n<figure class=\"wp-block-image size-large\"><a href=\"http:\/\/allemagnejumelage.saintmedardasso.fr\/wp-content\/uploads\/2025\/04\/CARNAVAL-eae-7-scaled.jpeg\"><img loading=\"lazy\" decoding=\"async\" width=\"1024\" height=\"683\" src=\"http:\/\/allemagnejumelage.saintmedardasso.fr\/wp-content\/uploads\/2025\/04\/CARNAVAL-eae-7-1024x683.jpeg\" alt=\"\" class=\"wp-image-2702\" srcset=\"http:\/\/allemagnejumelage.saintmedardasso.fr\/wp-content\/uploads\/2025\/04\/CARNAVAL-eae-7-1024x683.jpeg 1024w, http:\/\/allemagnejumelage.saintmedardasso.fr\/wp-content\/uploads\/2025\/04\/CARNAVAL-eae-7-300x200.jpeg 300w, http:\/\/allemagnejumelage.saintmedardasso.fr\/wp-content\/uploads\/2025\/04\/CARNAVAL-eae-7-768x512.jpeg 768w, http:\/\/allemagnejumelage.saintmedardasso.fr\/wp-content\/uploads\/2025\/04\/CARNAVAL-eae-7-1536x1024.jpeg 1536w, http:\/\/allemagnejumelage.saintmedardasso.fr\/wp-content\/uploads\/2025\/04\/CARNAVAL-eae-7-2048x1365.jpeg 2048w\" sizes=\"auto, (max-width: 1024px) 100vw, 1024px\" \/><\/a><\/figure>\n\n\n\n<figure class=\"wp-block-image size-large\"><a href=\"http:\/\/allemagnejumelage.saintmedardasso.fr\/wp-content\/uploads\/2025\/04\/CARNAVAL-eae-8-scaled.jpeg\"><img loading=\"lazy\" decoding=\"async\" width=\"1024\" height=\"683\" src=\"http:\/\/allemagnejumelage.saintmedardasso.fr\/wp-content\/uploads\/2025\/04\/CARNAVAL-eae-8-1024x683.jpeg\" alt=\"\" class=\"wp-image-2703\" srcset=\"http:\/\/allemagnejumelage.saintmedardasso.fr\/wp-content\/uploads\/2025\/04\/CARNAVAL-eae-8-1024x683.jpeg 1024w, http:\/\/allemagnejumelage.saintmedardasso.fr\/wp-content\/uploads\/2025\/04\/CARNAVAL-eae-8-300x200.jpeg 300w, http:\/\/allemagnejumelage.saintmedardasso.fr\/wp-content\/uploads\/2025\/04\/CARNAVAL-eae-8-768x512.jpeg 768w, http:\/\/allemagnejumelage.saintmedardasso.fr\/wp-content\/uploads\/2025\/04\/CARNAVAL-eae-8-1536x1024.jpeg 1536w, http:\/\/allemagnejumelage.saintmedardasso.fr\/wp-content\/uploads\/2025\/04\/CARNAVAL-eae-8-2048x1365.jpeg 2048w\" sizes=\"auto, (max-width: 1024px) 100vw, 1024px\" \/><\/a><\/figure>\n\n\n\n\n\n\n\n<figure class=\"wp-block-image size-large\"><a href=\"http:\/\/allemagnejumelage.saintmedardasso.fr\/wp-content\/uploads\/2025\/04\/CARNAVAL-eae-9-scaled.jpeg\"><img loading=\"lazy\" decoding=\"async\" width=\"1024\" height=\"683\" src=\"http:\/\/allemagnejumelage.saintmedardasso.fr\/wp-content\/uploads\/2025\/04\/CARNAVAL-eae-9-1024x683.jpeg\" alt=\"\" class=\"wp-image-2704\" srcset=\"http:\/\/allemagnejumelage.saintmedardasso.fr\/wp-content\/uploads\/2025\/04\/CARNAVAL-eae-9-1024x683.jpeg 1024w, http:\/\/allemagnejumelage.saintmedardasso.fr\/wp-content\/uploads\/2025\/04\/CARNAVAL-eae-9-300x200.jpeg 300w, http:\/\/allemagnejumelage.saintmedardasso.fr\/wp-content\/uploads\/2025\/04\/CARNAVAL-eae-9-768x512.jpeg 768w, http:\/\/allemagnejumelage.saintmedardasso.fr\/wp-content\/uploads\/2025\/04\/CARNAVAL-eae-9-1536x1024.jpeg 1536w, http:\/\/allemagnejumelage.saintmedardasso.fr\/wp-content\/uploads\/2025\/04\/CARNAVAL-eae-9-2048x1365.jpeg 2048w\" sizes=\"auto, (max-width: 1024px) 100vw, 1024px\" \/><\/a><\/figure>\n\n\n\n<figure class=\"wp-block-image size-full\"><a href=\"http:\/\/allemagnejumelage.saintmedardasso.fr\/wp-content\/uploads\/2025\/04\/CARNAVAL-eae-17.jpeg\"><img loading=\"lazy\" decoding=\"async\" width=\"480\" height=\"640\" src=\"http:\/\/allemagnejumelage.saintmedardasso.fr\/wp-content\/uploads\/2025\/04\/CARNAVAL-eae-17.jpeg\" alt=\"\" class=\"wp-image-2712\" srcset=\"http:\/\/allemagnejumelage.saintmedardasso.fr\/wp-content\/uploads\/2025\/04\/CARNAVAL-eae-17.jpeg 480w, http:\/\/allemagnejumelage.saintmedardasso.fr\/wp-content\/uploads\/2025\/04\/CARNAVAL-eae-17-225x300.jpeg 225w\" sizes=\"auto, (max-width: 480px) 100vw, 480px\" \/><\/a><\/figure>\n\n\n\n<figure class=\"wp-block-image size-full\"><a href=\"http:\/\/allemagnejumelage.saintmedardasso.fr\/wp-content\/uploads\/2025\/04\/CARNAVAL-eae-16.jpeg\"><img loading=\"lazy\" decoding=\"async\" width=\"480\" height=\"640\" src=\"http:\/\/allemagnejumelage.saintmedardasso.fr\/wp-content\/uploads\/2025\/04\/CARNAVAL-eae-16.jpeg\" alt=\"\" class=\"wp-image-2711\" srcset=\"http:\/\/allemagnejumelage.saintmedardasso.fr\/wp-content\/uploads\/2025\/04\/CARNAVAL-eae-16.jpeg 480w, http:\/\/allemagnejumelage.saintmedardasso.fr\/wp-content\/uploads\/2025\/04\/CARNAVAL-eae-16-225x300.jpeg 225w\" sizes=\"auto, (max-width: 480px) 100vw, 480px\" \/><\/a><\/figure>\n\n\n\n\n\n<figure class=\"wp-block-image size-full\"><a href=\"http:\/\/allemagnejumelage.saintmedardasso.fr\/wp-content\/uploads\/2025\/04\/CARNAVAL-eae-15.jpeg\"><img loading=\"lazy\" decoding=\"async\" width=\"480\" height=\"640\" src=\"http:\/\/allemagnejumelage.saintmedardasso.fr\/wp-content\/uploads\/2025\/04\/CARNAVAL-eae-15.jpeg\" alt=\"\" class=\"wp-image-2710\" srcset=\"http:\/\/allemagnejumelage.saintmedardasso.fr\/wp-content\/uploads\/2025\/04\/CARNAVAL-eae-15.jpeg 480w, http:\/\/allemagnejumelage.saintmedardasso.fr\/wp-content\/uploads\/2025\/04\/CARNAVAL-eae-15-225x300.jpeg 225w\" sizes=\"auto, (max-width: 480px) 100vw, 480px\" \/><\/a><\/figure>\n\n\n\n<figure class=\"wp-block-image size-full\"><a href=\"http:\/\/allemagnejumelage.saintmedardasso.fr\/wp-content\/uploads\/2025\/04\/CARNAVAL-eae-14.jpeg\"><img loading=\"lazy\" decoding=\"async\" width=\"640\" height=\"480\" src=\"http:\/\/allemagnejumelage.saintmedardasso.fr\/wp-content\/uploads\/2025\/04\/CARNAVAL-eae-14.jpeg\" alt=\"\" class=\"wp-image-2709\" srcset=\"http:\/\/allemagnejumelage.saintmedardasso.fr\/wp-content\/uploads\/2025\/04\/CARNAVAL-eae-14.jpeg 640w, http:\/\/allemagnejumelage.saintmedardasso.fr\/wp-content\/uploads\/2025\/04\/CARNAVAL-eae-14-300x225.jpeg 300w\" sizes=\"auto, (max-width: 640px) 100vw, 640px\" \/><\/a><\/figure>\n\n\n\n<figure class=\"wp-block-image size-full\"><a href=\"http:\/\/allemagnejumelage.saintmedardasso.fr\/wp-content\/uploads\/2025\/04\/CARNAVAL-eae-13.jpeg\"><img loading=\"lazy\" decoding=\"async\" width=\"480\" height=\"640\" src=\"http:\/\/allemagnejumelage.saintmedardasso.fr\/wp-content\/uploads\/2025\/04\/CARNAVAL-eae-13.jpeg\" alt=\"\" class=\"wp-image-2708\" srcset=\"http:\/\/allemagnejumelage.saintmedardasso.fr\/wp-content\/uploads\/2025\/04\/CARNAVAL-eae-13.jpeg 480w, http:\/\/allemagnejumelage.saintmedardasso.fr\/wp-content\/uploads\/2025\/04\/CARNAVAL-eae-13-225x300.jpeg 225w\" sizes=\"auto, (max-width: 480px) 100vw, 480px\" \/><\/a><\/figure>\n\n\n\n<figure class=\"wp-block-image size-full\"><a href=\"http:\/\/allemagnejumelage.saintmedardasso.fr\/wp-content\/uploads\/2025\/04\/CARNAVAL-eae-12.jpeg\"><img loading=\"lazy\" decoding=\"async\" width=\"480\" height=\"640\" src=\"http:\/\/allemagnejumelage.saintmedardasso.fr\/wp-content\/uploads\/2025\/04\/CARNAVAL-eae-12.jpeg\" alt=\"\" class=\"wp-image-2707\" srcset=\"http:\/\/allemagnejumelage.saintmedardasso.fr\/wp-content\/uploads\/2025\/04\/CARNAVAL-eae-12.jpeg 480w, http:\/\/allemagnejumelage.saintmedardasso.fr\/wp-content\/uploads\/2025\/04\/CARNAVAL-eae-12-225x300.jpeg 225w\" sizes=\"auto, (max-width: 480px) 100vw, 480px\" \/><\/a><\/figure>\n\n\n\n<figure class=\"wp-block-image size-full\"><a href=\"http:\/\/allemagnejumelage.saintmedardasso.fr\/wp-content\/uploads\/2025\/04\/CARNAVAL-eae-11.jpeg\"><img loading=\"lazy\" decoding=\"async\" width=\"480\" height=\"640\" src=\"http:\/\/allemagnejumelage.saintmedardasso.fr\/wp-content\/uploads\/2025\/04\/CARNAVAL-eae-11.jpeg\" alt=\"\" class=\"wp-image-2706\" srcset=\"http:\/\/allemagnejumelage.saintmedardasso.fr\/wp-content\/uploads\/2025\/04\/CARNAVAL-eae-11.jpeg 480w, http:\/\/allemagnejumelage.saintmedardasso.fr\/wp-content\/uploads\/2025\/04\/CARNAVAL-eae-11-225x300.jpeg 225w\" sizes=\"auto, (max-width: 480px) 100vw, 480px\" \/><\/a><\/figure>\n","protected":false},"excerpt":{"rendered":"<p>Cette ann\u00e9e, le th\u00e8me canavalesque \u00e0 SaintM\u00e9dard \u00e9tait Histoire et Epoques. L&rsquo;\u00e9quipe des 3 comit\u00e9s de jumelage a choisit l&rsquo;\u00e9poque du Moyen \u00e2ge , avec les personnages\u00a0 typiques , parfois un brin caricatural !! Vous les d\u00e9couvrirez tout au long des photos suivantes, qui relatent aussi les bons moments conviviaux qui soudent les participants. Nous &hellip; <a href=\"http:\/\/allemagnejumelage.saintmedardasso.fr\/?p=2692\" class=\"more-link\">Continuer la lecture de <span class=\"screen-reader-text\">Carnaval 2025<\/span>  <span class=\"meta-nav\">&rarr;<\/span><\/a><\/p>\n","protected":false},"author":3,"featured_media":2697,"comment_status":"closed","ping_status":"closed","sticky":true,"template":"","format":"standard","meta":{"footnotes":""},"categories":[1],"tags":[36],"class_list":["post-2692","post","type-post","status-publish","format-standard","has-post-thumbnail","hentry","category-non-classe","tag-grille"],"_links":{"self":[{"href":"http:\/\/allemagnejumelage.saintmedardasso.fr\/index.php?rest_route=\/wp\/v2\/posts\/2692","targetHints":{"allow":["GET"]}}],"collection":[{"href":"http:\/\/allemagnejumelage.saintmedardasso.fr\/index.php?rest_route=\/wp\/v2\/posts"}],"about":[{"href":"http:\/\/allemagnejumelage.saintmedardasso.fr\/index.php?rest_route=\/wp\/v2\/types\/post"}],"author":[{"embeddable":true,"href":"http:\/\/allemagnejumelage.saintmedardasso.fr\/index.php?rest_route=\/wp\/v2\/users\/3"}],"replies":[{"embeddable":true,"href":"http:\/\/allemagnejumelage.saintmedardasso.fr\/index.php?rest_route=%2Fwp%2Fv2%2Fcomments&post=2692"}],"version-history":[{"count":2,"href":"http:\/\/allemagnejumelage.saintmedardasso.fr\/index.php?rest_route=\/wp\/v2\/posts\/2692\/revisions"}],"predecessor-version":[{"id":2713,"href":"http:\/\/allemagnejumelage.saintmedardasso.fr\/index.php?rest_route=\/wp\/v2\/posts\/2692\/revisions\/2713"}],"wp:featuredmedia":[{"embeddable":true,"href":"http:\/\/allemagnejumelage.saintmedardasso.fr\/index.php?rest_route=\/wp\/v2\/media\/2697"}],"wp:attachment":[{"href":"http:\/\/allemagnejumelage.saintmedardasso.fr\/index.php?rest_route=%2Fwp%2Fv2%2Fmedia&parent=2692"}],"wp:term":[{"taxonomy":"category","embeddable":true,"href":"http:\/\/allemagnejumelage.saintmedardasso.fr\/index.php?rest_route=%2Fwp%2Fv2%2Fcategories&post=2692"},{"taxonomy":"post_tag","embeddable":true,"href":"http:\/\/allemagnejumelage.saintmedardasso.fr\/index.php?rest_route=%2Fwp%2Fv2%2Ftags&post=2692"}],"curies":[{"name":"wp","href":"https:\/\/api.w.org\/{rel}","templated":true}]}}