{"id":2661,"date":"2025-01-26T18:57:23","date_gmt":"2025-01-26T17:57:23","guid":{"rendered":"http:\/\/allemagnejumelage.saintmedardasso.fr\/?p=2661"},"modified":"2025-04-08T08:59:08","modified_gmt":"2025-04-08T07:59:08","slug":"conference-cranach-lancien","status":"publish","type":"post","link":"http:\/\/allemagnejumelage.saintmedardasso.fr\/?p=2661","title":{"rendered":"Conf\u00e9rence Cranach l&rsquo;Ancien"},"content":{"rendered":"\n<p id=\"block-12c809ca-18e5-43b7-bf03-c6aef216963b\">Nous vous invitons \u00e0 une conf\u00e9rence sur l&rsquo;es ch\u00e2teaux de Louis II d&rsquo;artiste allemand Cranach l&rsquo;Ancien le 13 mars. Tous les d\u00e9tails sur l&rsquo;affiche ci-dessous. Venez nombreux !!<\/p>\n\n\n\n<figure class=\"wp-block-image size-full is-style-default\"><a href=\"http:\/\/allemagnejumelage.saintmedardasso.fr\/wp-content\/uploads\/2025\/01\/Conference-Cranach-lAncien.jpg\"><img decoding=\"async\" src=\"http:\/\/allemagnejumelage.saintmedardasso.fr\/wp-content\/uploads\/2025\/01\/Conference-Cranach-lAncien.jpg\" alt=\"\" class=\"wp-image-2663\"\/><\/a><\/figure>\n\n\n\n\n","protected":false},"excerpt":{"rendered":"<p>Nous vous invitons \u00e0 une conf\u00e9rence sur l&rsquo;es ch\u00e2teaux de Louis II d&rsquo;artiste allemand Cranach l&rsquo;Ancien le 13 mars. Tous les d\u00e9tails sur l&rsquo;affiche ci-dessous. Venez nombreux !!<\/p>\n","protected":false},"author":3,"featured_media":2663,"comment_status":"closed","ping_status":"closed","sticky":true,"template":"","format":"standard","meta":{"footnotes":""},"categories":[1],"tags":[36],"class_list":["post-2661","post","type-post","status-publish","format-standard","has-post-thumbnail","hentry","category-non-classe","tag-grille"],"_links":{"self":[{"href":"http:\/\/allemagnejumelage.saintmedardasso.fr\/index.php?rest_route=\/wp\/v2\/posts\/2661","targetHints":{"allow":["GET"]}}],"collection":[{"href":"http:\/\/allemagnejumelage.saintmedardasso.fr\/index.php?rest_route=\/wp\/v2\/posts"}],"about":[{"href":"http:\/\/allemagnejumelage.saintmedardasso.fr\/index.php?rest_route=\/wp\/v2\/types\/post"}],"author":[{"embeddable":true,"href":"http:\/\/allemagnejumelage.saintmedardasso.fr\/index.php?rest_route=\/wp\/v2\/users\/3"}],"replies":[{"embeddable":true,"href":"http:\/\/allemagnejumelage.saintmedardasso.fr\/index.php?rest_route=%2Fwp%2Fv2%2Fcomments&post=2661"}],"version-history":[{"count":4,"href":"http:\/\/allemagnejumelage.saintmedardasso.fr\/index.php?rest_route=\/wp\/v2\/posts\/2661\/revisions"}],"predecessor-version":[{"id":2670,"href":"http:\/\/allemagnejumelage.saintmedardasso.fr\/index.php?rest_route=\/wp\/v2\/posts\/2661\/revisions\/2670"}],"wp:featuredmedia":[{"embeddable":true,"href":"http:\/\/allemagnejumelage.saintmedardasso.fr\/index.php?rest_route=\/wp\/v2\/media\/2663"}],"wp:attachment":[{"href":"http:\/\/allemagnejumelage.saintmedardasso.fr\/index.php?rest_route=%2Fwp%2Fv2%2Fmedia&parent=2661"}],"wp:term":[{"taxonomy":"category","embeddable":true,"href":"http:\/\/allemagnejumelage.saintmedardasso.fr\/index.php?rest_route=%2Fwp%2Fv2%2Fcategories&post=2661"},{"taxonomy":"post_tag","embeddable":true,"href":"http:\/\/allemagnejumelage.saintmedardasso.fr\/index.php?rest_route=%2Fwp%2Fv2%2Ftags&post=2661"}],"curies":[{"name":"wp","href":"https:\/\/api.w.org\/{rel}","templated":true}]}}