{"id":2418,"date":"2024-01-13T16:52:44","date_gmt":"2024-01-13T15:52:44","guid":{"rendered":"http:\/\/allemagnejumelage.saintmedardasso.fr\/?p=2418"},"modified":"2024-01-13T16:52:59","modified_gmt":"2024-01-13T15:52:59","slug":"conference-les-chateaux-de-louis-ii-de-baviere","status":"publish","type":"post","link":"http:\/\/allemagnejumelage.saintmedardasso.fr\/?p=2418","title":{"rendered":"Conf\u00e9rence Les ch\u00e2teaux de Louis II de Bavi\u00e8re"},"content":{"rendered":"\n<p>Nous vous invitons \u00e0 une conf\u00e9rence sur les ch\u00e2teaux de Louis II de Bavi\u00e8re  le 6 mars. Tous les d\u00e9tails sur l&rsquo;affiche ci-dessous. Venez nombreux !!<\/p>\n\n\n\n<figure class=\"wp-block-image size-large\"><a href=\"http:\/\/allemagnejumelage.saintmedardasso.fr\/wp-content\/uploads\/2024\/01\/Conference-Chateaux-Baviere.jpg\"><img decoding=\"async\" src=\"http:\/\/allemagnejumelage.saintmedardasso.fr\/wp-content\/uploads\/2024\/01\/Conference-Chateaux-Baviere-724x1024.jpg\" alt=\"\" class=\"wp-image-2412\"\/><\/a><\/figure>\n","protected":false},"excerpt":{"rendered":"<p>Nous vous invitons \u00e0 une conf\u00e9rence sur les ch\u00e2teaux de Louis II de Bavi\u00e8re le 6 mars. Tous les d\u00e9tails sur l&rsquo;affiche ci-dessous. Venez nombreux !!<\/p>\n","protected":false},"author":3,"featured_media":2412,"comment_status":"closed","ping_status":"closed","sticky":true,"template":"","format":"standard","meta":{"footnotes":""},"categories":[1],"tags":[],"class_list":["post-2418","post","type-post","status-publish","format-standard","has-post-thumbnail","hentry","category-non-classe"],"_links":{"self":[{"href":"http:\/\/allemagnejumelage.saintmedardasso.fr\/index.php?rest_route=\/wp\/v2\/posts\/2418","targetHints":{"allow":["GET"]}}],"collection":[{"href":"http:\/\/allemagnejumelage.saintmedardasso.fr\/index.php?rest_route=\/wp\/v2\/posts"}],"about":[{"href":"http:\/\/allemagnejumelage.saintmedardasso.fr\/index.php?rest_route=\/wp\/v2\/types\/post"}],"author":[{"embeddable":true,"href":"http:\/\/allemagnejumelage.saintmedardasso.fr\/index.php?rest_route=\/wp\/v2\/users\/3"}],"replies":[{"embeddable":true,"href":"http:\/\/allemagnejumelage.saintmedardasso.fr\/index.php?rest_route=%2Fwp%2Fv2%2Fcomments&post=2418"}],"version-history":[{"count":1,"href":"http:\/\/allemagnejumelage.saintmedardasso.fr\/index.php?rest_route=\/wp\/v2\/posts\/2418\/revisions"}],"predecessor-version":[{"id":2419,"href":"http:\/\/allemagnejumelage.saintmedardasso.fr\/index.php?rest_route=\/wp\/v2\/posts\/2418\/revisions\/2419"}],"wp:featuredmedia":[{"embeddable":true,"href":"http:\/\/allemagnejumelage.saintmedardasso.fr\/index.php?rest_route=\/wp\/v2\/media\/2412"}],"wp:attachment":[{"href":"http:\/\/allemagnejumelage.saintmedardasso.fr\/index.php?rest_route=%2Fwp%2Fv2%2Fmedia&parent=2418"}],"wp:term":[{"taxonomy":"category","embeddable":true,"href":"http:\/\/allemagnejumelage.saintmedardasso.fr\/index.php?rest_route=%2Fwp%2Fv2%2Fcategories&post=2418"},{"taxonomy":"post_tag","embeddable":true,"href":"http:\/\/allemagnejumelage.saintmedardasso.fr\/index.php?rest_route=%2Fwp%2Fv2%2Ftags&post=2418"}],"curies":[{"name":"wp","href":"https:\/\/api.w.org\/{rel}","templated":true}]}}