{"id":1779,"date":"2020-12-01T15:34:39","date_gmt":"2020-12-01T14:34:39","guid":{"rendered":"http:\/\/allemagnejumelage.saintmedardasso.fr\/?p=1779"},"modified":"2023-01-29T11:44:45","modified_gmt":"2023-01-29T10:44:45","slug":"recette-des-platzchen","status":"publish","type":"post","link":"http:\/\/allemagnejumelage.saintmedardasso.fr\/?p=1779","title":{"rendered":"Recettes de No\u00ebl :"},"content":{"rendered":"\n<h1 class=\"wp-block wp-block-post-title block-editor-block-list__block editor-post-title editor-post-title__input rich-text\" role=\"textbox\" aria-label=\"Saisissez le titre\" aria-multiline=\"true\" contenteditable=\"true\">les Pl\u00e4tzchen<\/h1>\n<p>&nbsp;<\/p>\n\n\n\n<p><a href=\"http:\/\/allemagnejumelage.saintmedardasso.fr\/wp-content\/uploads\/2020\/12\/Recette-Platzchen-scaled.jpg\"><img loading=\"lazy\" decoding=\"async\" class=\"aligncenter size-full wp-image-1780\" src=\"http:\/\/allemagnejumelage.saintmedardasso.fr\/wp-content\/uploads\/2020\/12\/Recette-Platzchen-scaled.jpg\" alt=\"\" width=\"2560\" height=\"2560\" srcset=\"http:\/\/allemagnejumelage.saintmedardasso.fr\/wp-content\/uploads\/2020\/12\/Recette-Platzchen-scaled.jpg 2560w, http:\/\/allemagnejumelage.saintmedardasso.fr\/wp-content\/uploads\/2020\/12\/Recette-Platzchen-300x300.jpg 300w, http:\/\/allemagnejumelage.saintmedardasso.fr\/wp-content\/uploads\/2020\/12\/Recette-Platzchen-1024x1024.jpg 1024w, http:\/\/allemagnejumelage.saintmedardasso.fr\/wp-content\/uploads\/2020\/12\/Recette-Platzchen-150x150.jpg 150w, http:\/\/allemagnejumelage.saintmedardasso.fr\/wp-content\/uploads\/2020\/12\/Recette-Platzchen-768x768.jpg 768w, http:\/\/allemagnejumelage.saintmedardasso.fr\/wp-content\/uploads\/2020\/12\/Recette-Platzchen-1536x1536.jpg 1536w, http:\/\/allemagnejumelage.saintmedardasso.fr\/wp-content\/uploads\/2020\/12\/Recette-Platzchen-2048x2048.jpg 2048w\" sizes=\"auto, (max-width: 2560px) 100vw, 2560px\" \/><\/a><\/p>\n\n\n\n<h1 class=\"wp-block wp-block-post-title block-editor-block-list__block editor-post-title editor-post-title__input rich-text is-selected\" role=\"textbox\" contenteditable=\"true\" aria-label=\"Saisissez le titre\" aria-multiline=\"true\">Le Gl\u00fchwein<\/h1>\n\n\n\n<p><\/p>\n\n\n\n<figure class=\"wp-block-image size-large\"><a href=\"http:\/\/allemagnejumelage.saintmedardasso.fr\/wp-content\/uploads\/2020\/12\/Gluhwein-scaled.jpg\"><img loading=\"lazy\" decoding=\"async\" width=\"1024\" height=\"1024\" src=\"http:\/\/allemagnejumelage.saintmedardasso.fr\/wp-content\/uploads\/2020\/12\/Gluhwein-1024x1024.jpg\" alt=\"\" class=\"wp-image-1775\" srcset=\"http:\/\/allemagnejumelage.saintmedardasso.fr\/wp-content\/uploads\/2020\/12\/Gluhwein-1024x1024.jpg 1024w, http:\/\/allemagnejumelage.saintmedardasso.fr\/wp-content\/uploads\/2020\/12\/Gluhwein-300x300.jpg 300w, http:\/\/allemagnejumelage.saintmedardasso.fr\/wp-content\/uploads\/2020\/12\/Gluhwein-150x150.jpg 150w, http:\/\/allemagnejumelage.saintmedardasso.fr\/wp-content\/uploads\/2020\/12\/Gluhwein-768x768.jpg 768w, http:\/\/allemagnejumelage.saintmedardasso.fr\/wp-content\/uploads\/2020\/12\/Gluhwein-1536x1536.jpg 1536w, http:\/\/allemagnejumelage.saintmedardasso.fr\/wp-content\/uploads\/2020\/12\/Gluhwein-2048x2048.jpg 2048w\" sizes=\"auto, (max-width: 1024px) 100vw, 1024px\" \/><\/a><\/figure>\n\n\n\n<p class=\"has-text-align-center has-large-font-size\"><strong>Bon App\u00e9tit !!<\/strong><\/p>\n","protected":false},"excerpt":{"rendered":"<p>les Pl\u00e4tzchen &nbsp; Le Gl\u00fchwein Bon App\u00e9tit !!<\/p>\n","protected":false},"author":5,"featured_media":0,"comment_status":"closed","ping_status":"closed","sticky":true,"template":"","format":"standard","meta":{"footnotes":""},"categories":[1],"tags":[],"class_list":["post-1779","post","type-post","status-publish","format-standard","hentry","category-non-classe"],"_links":{"self":[{"href":"http:\/\/allemagnejumelage.saintmedardasso.fr\/index.php?rest_route=\/wp\/v2\/posts\/1779","targetHints":{"allow":["GET"]}}],"collection":[{"href":"http:\/\/allemagnejumelage.saintmedardasso.fr\/index.php?rest_route=\/wp\/v2\/posts"}],"about":[{"href":"http:\/\/allemagnejumelage.saintmedardasso.fr\/index.php?rest_route=\/wp\/v2\/types\/post"}],"author":[{"embeddable":true,"href":"http:\/\/allemagnejumelage.saintmedardasso.fr\/index.php?rest_route=\/wp\/v2\/users\/5"}],"replies":[{"embeddable":true,"href":"http:\/\/allemagnejumelage.saintmedardasso.fr\/index.php?rest_route=%2Fwp%2Fv2%2Fcomments&post=1779"}],"version-history":[{"count":5,"href":"http:\/\/allemagnejumelage.saintmedardasso.fr\/index.php?rest_route=\/wp\/v2\/posts\/1779\/revisions"}],"predecessor-version":[{"id":2152,"href":"http:\/\/allemagnejumelage.saintmedardasso.fr\/index.php?rest_route=\/wp\/v2\/posts\/1779\/revisions\/2152"}],"wp:attachment":[{"href":"http:\/\/allemagnejumelage.saintmedardasso.fr\/index.php?rest_route=%2Fwp%2Fv2%2Fmedia&parent=1779"}],"wp:term":[{"taxonomy":"category","embeddable":true,"href":"http:\/\/allemagnejumelage.saintmedardasso.fr\/index.php?rest_route=%2Fwp%2Fv2%2Fcategories&post=1779"},{"taxonomy":"post_tag","embeddable":true,"href":"http:\/\/allemagnejumelage.saintmedardasso.fr\/index.php?rest_route=%2Fwp%2Fv2%2Ftags&post=1779"}],"curies":[{"name":"wp","href":"https:\/\/api.w.org\/{rel}","templated":true}]}}